{"id":2993,"date":"2013-10-02T18:34:29","date_gmt":"2013-10-02T21:34:29","guid":{"rendered":"http:\/\/catolicanet.net\/wp-cnet\/santa-teresinha-confianca-simplicidade-e-humildade\/"},"modified":"2017-03-22T15:43:14","modified_gmt":"2017-03-22T18:43:14","slug":"santa-teresinha-confianca-simplicidade-e-humildade","status":"publish","type":"post","link":"https:\/\/catolicanet.net\/wp-cnet\/santa-teresinha-confianca-simplicidade-e-humildade\/","title":{"rendered":"Santa Teresinha: confian\u00e7a, simplicidade e humildade"},"content":{"rendered":"<p style=\"text-align: justify;\"><img loading=\"lazy\" decoding=\"async\" src=\"http:\/\/catolicanet.com.br\/images\/stories\/santaterezinha.jpg\" border=\"0\" width=\"281\" height=\"215\" align=\"left\" \/>Santa Teresinha do Menino Jesus foi chamada para o seio do Pai h\u00e1 116 anos, aos 30 de setembro de 1897. Como poderia se tornar padroeira das Miss\u00f5es uma monja de vida contemplativa, sem jamais deixar a clausura, de uma vida t\u00e3o curta? Quais as realiza\u00e7\u00f5es de Teresina para merecer t\u00e3o honroso t\u00edtulo? Veja o que ela disse: \u201cQuereria percorrer a terra, pregar o teu nome, implantar no solo infiel a tua cruz gloriosa, mas, \u00f3 meu Bem Amado, uma miss\u00e3o s\u00f3 n\u00e3o me bastaria: Quereria, ao mesmo tempo, anunciar o Evangelho nas cinco partes do mundo e at\u00e9 nas ilhas mais long\u00ednquas\u201d.1<br \/>Foi no dia 14 de dezembro de 1927, que o Papa Pio XI proclamou Santa Teresinha do Menino Jesus padroeira principal de todos os mission\u00e1rios, homens e mulheres e de todas as miss\u00f5es existentes sobre a terra, juntamente com S\u00e3o Francisco Xavier, com todos os direitos e privil\u00e9gios deste t\u00edtulo, aquela que sempre alimentou o maior de todos os sonhos: \u201cQuereria ser mission\u00e1rio, n\u00e3o apenas durante alguns anos, mas quereria t\u00ea-lo sido desde a cria\u00e7\u00e3o do mundo at\u00e9 \u00e0 consuma\u00e7\u00e3o dos s\u00e9culos. Mas quereria, sobretudo, \u00f3 meu Bem Amado Salvador, derramar o meu sangue por Ti, at\u00e9 \u00e0 \u00faltima gota\u201d.2 <br \/>Tenho a profunda convic\u00e7\u00e3o de que Santa Teresinha fundamentou a sua voca\u00e7\u00e3o contemplativa e mission\u00e1ria na Palavra de Deus, no imperativo de Nosso Senhor Jesus Cristo: \u201cIde pelo mundo inteiro e pregai e Evangelho a toda criatura\u201d (Mc 16, 15), oferecendo-lhe a sua curta exist\u00eancia, ao colocar no cora\u00e7\u00e3o da Igreja sua silenciosa, alegre e generosa doa\u00e7\u00e3o, como uma perfeita oferenda. <br \/>Sua extraordin\u00e1ria atividade consistiu em realizar a vontade de Deus, come\u00e7ando nas pequenas coisas, como afirma o Evangelho: \u201cQuem \u00e9 fiel nas coisas pequenas tamb\u00e9m ser\u00e1 nas grandes\u201d (Lc 16, 10). Ela que n\u00e3o implantou obras, as quais merecessem aplausos das pessoas e do mundo. Tamb\u00e9m n\u00e3o fundou mosteiros como fez Santa Teresa de Jesus (Teresa D\u2019\u00c1vila) e tamb\u00e9m n\u00e3o abra\u00e7ou o an\u00fancio do Evangelho, atrav\u00e9s da profecia, do ardor, do entusiasmo e do despojamento, na ren\u00fancia e doa\u00e7\u00e3o generosa, a exemplo do ap\u00f3stolo do Oriente, S\u00e3o Francisco de Xavier.\u00a0 Santa Teresinha quis mostrar ao mundo o quanto \u00e9 importante e salutar a aceita\u00e7\u00e3o das nossas pr\u00f3prias limita\u00e7\u00f5es e da nossa pequenez. Que n\u00e3o devemos nos envergonhar da nossa humanidade. N\u00e3o h\u00e1 nada de especial e extraordin\u00e1rio na vida dessa monja, a n\u00e3o ser a sua simplicidade, humildade e confian\u00e7a inabal\u00e1vel no amor misericordioso de Deus e Pai.<\/p>\n<p>Seu jeito de viver consistiu na grandiosa e inigual\u00e1vel busca da vontade de Deus, de tal modo foi, que nos dias de hoje \u00e9 considerada a maior Santa dos tempos modernos. Santa Teresinha nos ensina que a ora\u00e7\u00e3o \u00e9 o sustento da nossa a\u00e7\u00e3o mission\u00e1ria e que o sucesso no nosso trabalho depende da nossa \u00edntima e estreita uni\u00e3o com Deus, nos quais a contempla\u00e7\u00e3o da face de Deus \u00e9 a arma imprescind\u00edvel e poderos\u00edssima, no sentido de sensibilizar as pessoas na realiza\u00e7\u00e3o de seus sonhos e projetos. <\/p>\n<p>Santa Teresinha morreu consumida pelo amor, prometendo que faria descer sobre a terra uma cont\u00ednua chuva de rosas. Ela a realizou e continua a realizar essa promessa, vivendo na presen\u00e7a de Deus, realidade inexprim\u00edvel e indiz\u00edvel, nos incont\u00e1veis milagres, compreendido a partir da Palavra da verdade e no Esp\u00edrito santificador. Para a nossa reflex\u00e3o, eis o seguinte pensamento da padroeira das miss\u00f5es: \u201c\u00d3 Jesus, meu Amor! Encontrei finalmente a minha voca\u00e7\u00e3o: a minha voca\u00e7\u00e3o \u00e9 o Amor&#8230; Sim, encontrei o meu lugar na Igreja, e esse lugar, \u00f3 meu Deus, fostes V\u00f3s que mo destes&#8230; No cora\u00e7\u00e3o da Igreja, minha M\u00e3e, eu serei o Amor&#8230; Assim serei tudo! Assim o meu sonho ser\u00e1 realizado!\u201d.<\/p>\n","protected":false},"excerpt":{"rendered":"<p>Santa Teresinha do Menino Jesus foi chamada para o seio do Pai h\u00e1 116 anos, aos 30 de setembro de 1897. Como poderia se tornar padroeira das Miss\u00f5es uma monja de vida contemplativa, sem jamais deixar a clausura, de uma vida t\u00e3o curta? Quais as realiza\u00e7\u00f5es de Teresina para merecer t\u00e3o honroso t\u00edtulo? Veja o [&hellip;]<\/p>\n","protected":false},"author":6,"featured_media":0,"comment_status":"closed","ping_status":"closed","sticky":false,"template":"","format":"standard","meta":{"footnotes":""},"categories":[9],"tags":[],"class_list":["post-2993","post","type-post","status-publish","format-standard","hentry","category-artigos"],"_links":{"self":[{"href":"https:\/\/catolicanet.net\/wp-cnet\/wp-json\/wp\/v2\/posts\/2993","targetHints":{"allow":["GET"]}}],"collection":[{"href":"https:\/\/catolicanet.net\/wp-cnet\/wp-json\/wp\/v2\/posts"}],"about":[{"href":"https:\/\/catolicanet.net\/wp-cnet\/wp-json\/wp\/v2\/types\/post"}],"author":[{"embeddable":true,"href":"https:\/\/catolicanet.net\/wp-cnet\/wp-json\/wp\/v2\/users\/6"}],"replies":[{"embeddable":true,"href":"https:\/\/catolicanet.net\/wp-cnet\/wp-json\/wp\/v2\/comments?post=2993"}],"version-history":[{"count":1,"href":"https:\/\/catolicanet.net\/wp-cnet\/wp-json\/wp\/v2\/posts\/2993\/revisions"}],"predecessor-version":[{"id":7366,"href":"https:\/\/catolicanet.net\/wp-cnet\/wp-json\/wp\/v2\/posts\/2993\/revisions\/7366"}],"wp:attachment":[{"href":"https:\/\/catolicanet.net\/wp-cnet\/wp-json\/wp\/v2\/media?parent=2993"}],"wp:term":[{"taxonomy":"category","embeddable":true,"href":"https:\/\/catolicanet.net\/wp-cnet\/wp-json\/wp\/v2\/categories?post=2993"},{"taxonomy":"post_tag","embeddable":true,"href":"https:\/\/catolicanet.net\/wp-cnet\/wp-json\/wp\/v2\/tags?post=2993"}],"curies":[{"name":"wp","href":"https:\/\/api.w.org\/{rel}","templated":true}]}}