{"id":2991,"date":"2013-10-02T16:44:51","date_gmt":"2013-10-02T19:44:51","guid":{"rendered":"http:\/\/catolicanet.net\/wp-cnet\/reforma-da-curia-sinodo-e-colegialidade-no-centro-dos-trabalhos-do-conselho-de-cardeais-coletiva-do-pe-lombardi\/"},"modified":"2017-03-22T15:44:13","modified_gmt":"2017-03-22T18:44:13","slug":"reforma-da-curia-sinodo-e-colegialidade-no-centro-dos-trabalhos-do-conselho-de-cardeais-coletiva-do-pe-lombardi","status":"publish","type":"post","link":"https:\/\/catolicanet.net\/wp-cnet\/reforma-da-curia-sinodo-e-colegialidade-no-centro-dos-trabalhos-do-conselho-de-cardeais-coletiva-do-pe-lombardi\/","title":{"rendered":"Reforma da C\u00faria, S\u00ednodo e colegialidade no centro dos trabalhos do Conselho de cardeais: coletiva do Pe. Lombardi"},"content":{"rendered":"<p style=\"text-align: justify;\"><img decoding=\"async\" src=\"http:\/\/catolicanet.com.br\/images\/stories\/pelombardi.jpg\" border=\"0\" align=\"left\" \/>Concluem-se nesta quinta-feira, no Vaticano, as reuni\u00f5es do Conselho de cardeais, o grupo de oito purpurados que tem a tarefa de coadjuvar o Papa no governo da Igreja e no projeto de revis\u00e3o da Constitui\u00e7\u00e3o apost\u00f3lica Pastor Bonus sobre a C\u00faria Romana.<\/p>\n<p>Os trabalhos tiveram in\u00edcio na manh\u00e3 de ter\u00e7a-feira na Biblioteca privada do apartamento papal, prosseguindo depois na Casa Santa Marta. Na manh\u00e3 desta quarta-feira o Papa n\u00e3o participou dos trabalhos por causa da audi\u00eancia geral.<\/p>\n<p>O diretor da Sala de Imprensa da Santa S\u00e9, Pe. Federico Lombardi, concedeu uma coletiva aos jornalistas sobre os trabalhos em andamento. Pe. Lombardi destacou a introdu\u00e7\u00e3o feita pelo Papa Francisco, seguida de uma reflex\u00e3o entre os membros do Conselho sobre a eclesiologia a partir do Vaticano II.<\/p>\n<p>O porta-voz vaticano precisou que o trabalho dos oito cardeais n\u00e3o \u00e9 de tipo organizativo, mas se coloca numa vis\u00e3o teol\u00f3gica, espiritual da Igreja, segundo as disposi\u00e7\u00f5es do Conc\u00edlio, do qual se quer portar avante a sua aplica\u00e7\u00e3o.<\/p>\n<p>Iniciaram-se assim os trabalhos de ter\u00e7a-feira na Biblioteca privada, afirmou Pe. Lombardi, detendo-se tamb\u00e9m sobre alguns temas:<\/p>\n<p>&#8220;Os membros do Conselho se prepararam, houve tamb\u00e9m por parte deles essa reflex\u00e3o de car\u00e1ter teol\u00f3gico, espiritual, no sentido de refrescar, reavivar a perspectiva da Igreja, inspirada no Conc\u00edlio, sobre a sua miss\u00e3o, sobre a rela\u00e7\u00e3o entre Igreja universal e Igrejas locais, sobre o tema da comunh\u00e3o, da participa\u00e7\u00e3o, da colegialidade na condu\u00e7\u00e3o da Igreja, sobre o tema da Igreja dos pobres, dos leigos na Igreja, sobre o car\u00e1ter de servi\u00e7o de todas as institui\u00e7\u00f5es eclesiais e a responsabilidade de todos os membros da Igreja pelo bem comum.&#8221;<\/p>\n<p>Na parte da tarde de ter\u00e7a-feira, na Casa Santa Marta, falou-se sobre o pr\u00f3ximo S\u00ednodo dos Bispos. Pe. Lombardi recordou que o Papa Francisco j\u00e1 antecipou o tema do S\u00ednodo, um tema antropol\u00f3gico, dedicado \u00e0 pessoa e \u00e0 fam\u00edlia, \u00e0 luz do Evangelho. Por isso esteve presente na sess\u00e3o de trabalho tamb\u00e9m o novo secret\u00e1rio-geral do S\u00ednodo, Dom Lorenzo Baldisseri:<\/p>\n<p>&#8220;Foi dada uma certa prioridade a esse tema j\u00e1 na reuni\u00e3o de ter\u00e7a-feira \u00e0 tarde, tanto pela import\u00e2ncia, evidentemente, da participa\u00e7\u00e3o do Episcopado mediante o instrumento dos S\u00ednodos na vida da Igreja universal, quanto por uma certa urg\u00eancia de precisar e iniciar a prepara\u00e7\u00e3o do pr\u00f3ximo S\u00ednodo.&#8221;<\/p>\n<p>O tema foi o da pastoral familiar e matrimonial, sobre como abordar o estudo e o aprofundamento, temas que o Pont\u00edfice j\u00e1 anunciou como cruciais para a atividade da Igreja nos pr\u00f3ximos tempos. Daqui a uma ou duas semanas, a Secretaria do S\u00ednodo poder\u00e1 dar informa\u00e7\u00f5es mais precisas a esse respeito. A aten\u00e7\u00e3o nesta quarta-feira volta-se para a reforma da C\u00faria, nos v\u00e1rios aspectos:<\/p>\n<p>&#8220;A rela\u00e7\u00e3o dos dicast\u00e9rios com o Santo Padre, a coordena\u00e7\u00e3o dos dicast\u00e9rios e a fun\u00e7\u00e3o da Secretaria de Estado, e assim por diante&#8230; S\u00e3o temas muito amplos, articulados, sobre os quais h\u00e1 uma ampla quantidade de sugest\u00f5es e de pontos que foram apresentados. Agora trabalhar\u00e3o tamb\u00e9m sobre essa tem\u00e1tica.&#8221;<\/p>\n<p>O porta-voz vaticano precisou que os oito purpurados n\u00e3o s\u00e3o delegados continentais, mas membros do Col\u00e9gio episcopal, que conhecem muito bem os problemas reais da Igreja nas duferentes partes do mundo e que, obviamente, gozam &#8220;de grande confian\u00e7a e apre\u00e7o pessoal por parte do Papa&#8221;.<\/p>\n<p>O Conselho &#8220;pode tratar tamb\u00e9m de temas concernentes \u00e0 administra\u00e7\u00e3o econ\u00f4mica&#8221;, mas, efetivamente, at\u00e9 ent\u00e3o n\u00e3o se falou sobre isso, concluiu Pe. Lombardi respondendo \u00e0s perguntas dos jornalistas.<\/p>\n<p style=\"text-align: justify;\">\u00a0<\/p>\n<p style=\"text-align: justify;\">Fonte: R\u00e1dio Vaticano<br \/>Local: Cidade do Vaticano<\/p>\n","protected":false},"excerpt":{"rendered":"<p>Concluem-se nesta quinta-feira, no Vaticano, as reuni\u00f5es do Conselho de cardeais, o grupo de oito purpurados que tem a tarefa de coadjuvar o Papa no governo da Igreja e no projeto de revis\u00e3o da Constitui\u00e7\u00e3o apost\u00f3lica Pastor Bonus sobre a C\u00faria Romana. Os trabalhos tiveram in\u00edcio na manh\u00e3 de ter\u00e7a-feira na Biblioteca privada do apartamento [&hellip;]<\/p>\n","protected":false},"author":1,"featured_media":0,"comment_status":"closed","ping_status":"closed","sticky":false,"template":"","format":"standard","meta":{"footnotes":""},"categories":[7],"tags":[],"class_list":["post-2991","post","type-post","status-publish","format-standard","hentry","category-cnbb"],"_links":{"self":[{"href":"https:\/\/catolicanet.net\/wp-cnet\/wp-json\/wp\/v2\/posts\/2991","targetHints":{"allow":["GET"]}}],"collection":[{"href":"https:\/\/catolicanet.net\/wp-cnet\/wp-json\/wp\/v2\/posts"}],"about":[{"href":"https:\/\/catolicanet.net\/wp-cnet\/wp-json\/wp\/v2\/types\/post"}],"author":[{"embeddable":true,"href":"https:\/\/catolicanet.net\/wp-cnet\/wp-json\/wp\/v2\/users\/1"}],"replies":[{"embeddable":true,"href":"https:\/\/catolicanet.net\/wp-cnet\/wp-json\/wp\/v2\/comments?post=2991"}],"version-history":[{"count":1,"href":"https:\/\/catolicanet.net\/wp-cnet\/wp-json\/wp\/v2\/posts\/2991\/revisions"}],"predecessor-version":[{"id":7368,"href":"https:\/\/catolicanet.net\/wp-cnet\/wp-json\/wp\/v2\/posts\/2991\/revisions\/7368"}],"wp:attachment":[{"href":"https:\/\/catolicanet.net\/wp-cnet\/wp-json\/wp\/v2\/media?parent=2991"}],"wp:term":[{"taxonomy":"category","embeddable":true,"href":"https:\/\/catolicanet.net\/wp-cnet\/wp-json\/wp\/v2\/categories?post=2991"},{"taxonomy":"post_tag","embeddable":true,"href":"https:\/\/catolicanet.net\/wp-cnet\/wp-json\/wp\/v2\/tags?post=2991"}],"curies":[{"name":"wp","href":"https:\/\/api.w.org\/{rel}","templated":true}]}}