{"id":29886,"date":"2017-05-10T16:44:49","date_gmt":"2017-05-10T19:44:49","guid":{"rendered":"http:\/\/catolicanet.net\/wp-cnet\/2017\/05\/10\/encontro-da-pastoral-do-surdo-do-rs-desafios-e-esperancas\/"},"modified":"2017-06-08T13:43:09","modified_gmt":"2017-06-08T16:43:09","slug":"encontro-da-pastoral-do-surdo-do-rs-desafios-e-esperancas","status":"publish","type":"post","link":"https:\/\/catolicanet.net\/wp-cnet\/encontro-da-pastoral-do-surdo-do-rs-desafios-e-esperancas\/","title":{"rendered":"Encontro da Pastoral do Surdo do RS: desafios e esperan\u00e7as"},"content":{"rendered":"<p style=\"text-align: justify;\"><img decoding=\"async\" src=\"http:\/\/www.catolicanet.com.br\/images\/stories\/noticias2017\/sul_3-1200x762_c.jpg\" border=\"0\" align=\"left\" \/>No dia 29 de abril de 2017 aconteceu o Encontro Regional da Pastoral do Surdo do regional Sul 3, na par\u00f3quia Santo Ant\u00f4nio, no bairro Santo Ant\u00f4nio em Porto Alegre (RS), com o tema \u201cIgreja Viva, Inclusiva e Mission\u00e1ria\u201d. Participaram cerca de 30 pessoas.<\/p>\n<p>Os encontros regionais acontecem a cada dois anos e re\u00fane surdos e ouvintes do estado, para momentos de estudo, ora\u00e7\u00e3o e integra\u00e7\u00e3o. \u00c9 um momento para fortalecimento da Pastoral do Surdo enquanto uma regional, dando est\u00edmulo para seguir na caminhada de f\u00e9 e miss\u00e3o.<\/p>\n<p>Segundo a coordenadora regional, Juliana Pokorski, o objetivo do evento consistiu em recordar a hist\u00f3ria da Pastoral do Surdo como uma pastoral que possibilita a participa\u00e7\u00e3o dos surdos na Igreja Cat\u00f3lica. Tamb\u00e9m refletir sobre o papel do pr\u00f3prio sujeito surdo como sujeito participante de diferentes atividades da igreja, ativo, em miss\u00e3o.<\/p>\n<p>Pastoral do Surdo no RS e os desafios<\/p>\n<p>A Pastoral do Surdo no Rio Grande do Sul existe h\u00e1 33 anos e, segundo Juliana, o sentimento que resume \u00e9 a miss\u00e3o. \u201cA miss\u00e3o \u00e9 grande, tal como os desafios, mas que se estivermos unidos entre n\u00f3s e unidos a Cristo tudo \u00e9 poss\u00edvel\u201d.<\/p>\n<p>A pastoral conta com poucas pessoas que sabem interpretar Libras e os desafios se ampliam pela demanda de trabalho com surdos em tantos lugares. \u201c\u00c9 importante que os surdos e int\u00e9rpretes trabalhem juntos na forma\u00e7\u00e3o de mais catequistas bil\u00edngues e int\u00e9rpretes. Que os surdos possam participar mais da igreja como um todo. Nossa viv\u00eancia nas igrejas \u00e9 muito bela com missas, diferentes pastorais e diferentes encontros e grupos. Seria \u00f3timo que os surdos pudessem ter acesso a todo isso\u201d, salientou Juliana.<\/p>\n<p>A meta da pastoral \u00e9 seguir com as atividades, mantendo as missas interpretadas, catequese para surdos e grupo de jovens. \u201cPrecisamos fortalecer a pastoral nos munic\u00edpios para nos fortalecer enquanto regional. Por enquanto temos a pastoral mais organizada apenas em Passo Fundo e Porto Alegre, mas precisamos reativar as pastorais em Caxias do Sul, Canoas, Novo Hamburgo, Pelotas e outros munic\u00edpios. Esse \u00e9 o grande desafio da nova coordena\u00e7\u00e3o, formar novas lideran\u00e7as e reavivar o esp\u00edrito coletivo e o contato com leigos fluentes em l\u00edngua de sinais\u201d, destacou Juliana.<\/p>\n<p>Nova coordena\u00e7\u00e3o<\/p>\n<p>Durante o encontro aconteceu a assembleia eletiva na qual foram escolhidos os novos coordenadores da Pastoral do Surdo (Elias e Gilberto) e dos Interpretes (Lorena Lucas e Jana\u00edna Viegas). O pr\u00f3ximo encontro acontecer\u00e1 em Passo Fundo, e ser\u00e1 o 2\u00b0 Encontro de Int\u00e9rpretes Cat\u00f3licos, nos dias 28 e 29 de outubro de 2017, com a tem\u00e1tica da forma\u00e7\u00e3o espiritual do int\u00e9rprete.<\/p>\n<p>Para mais informa\u00e7\u00f5es acessa a p\u00e1gina da Pastoral no Facebook: https:\/\/www.facebook.com\/PastoraldoSurdoRS\/<\/p>\n<p style=\"text-align: justify;\">\u00a0<\/p>\n<p style=\"text-align: justify;\">Fonte: CNBB<\/p>\n","protected":false},"excerpt":{"rendered":"<p>No dia 29 de abril de 2017 aconteceu o Encontro Regional da Pastoral do Surdo do regional Sul 3, na par\u00f3quia Santo Ant\u00f4nio, no bairro Santo Ant\u00f4nio em Porto Alegre (RS), com o tema \u201cIgreja Viva, Inclusiva e Mission\u00e1ria\u201d. Participaram cerca de 30 pessoas. Os encontros regionais acontecem a cada dois anos e re\u00fane surdos [&hellip;]<\/p>\n","protected":false},"author":1,"featured_media":29885,"comment_status":"open","ping_status":"open","sticky":false,"template":"","format":"standard","meta":{"footnotes":""},"categories":[7],"tags":[],"class_list":["post-29886","post","type-post","status-publish","format-standard","has-post-thumbnail","hentry","category-cnbb"],"_links":{"self":[{"href":"https:\/\/catolicanet.net\/wp-cnet\/wp-json\/wp\/v2\/posts\/29886","targetHints":{"allow":["GET"]}}],"collection":[{"href":"https:\/\/catolicanet.net\/wp-cnet\/wp-json\/wp\/v2\/posts"}],"about":[{"href":"https:\/\/catolicanet.net\/wp-cnet\/wp-json\/wp\/v2\/types\/post"}],"author":[{"embeddable":true,"href":"https:\/\/catolicanet.net\/wp-cnet\/wp-json\/wp\/v2\/users\/1"}],"replies":[{"embeddable":true,"href":"https:\/\/catolicanet.net\/wp-cnet\/wp-json\/wp\/v2\/comments?post=29886"}],"version-history":[{"count":1,"href":"https:\/\/catolicanet.net\/wp-cnet\/wp-json\/wp\/v2\/posts\/29886\/revisions"}],"predecessor-version":[{"id":30784,"href":"https:\/\/catolicanet.net\/wp-cnet\/wp-json\/wp\/v2\/posts\/29886\/revisions\/30784"}],"wp:featuredmedia":[{"embeddable":true,"href":"https:\/\/catolicanet.net\/wp-cnet\/wp-json\/wp\/v2\/media\/29885"}],"wp:attachment":[{"href":"https:\/\/catolicanet.net\/wp-cnet\/wp-json\/wp\/v2\/media?parent=29886"}],"wp:term":[{"taxonomy":"category","embeddable":true,"href":"https:\/\/catolicanet.net\/wp-cnet\/wp-json\/wp\/v2\/categories?post=29886"},{"taxonomy":"post_tag","embeddable":true,"href":"https:\/\/catolicanet.net\/wp-cnet\/wp-json\/wp\/v2\/tags?post=29886"}],"curies":[{"name":"wp","href":"https:\/\/api.w.org\/{rel}","templated":true}]}}