{"id":29879,"date":"2017-05-13T03:00:00","date_gmt":"2017-05-13T06:00:00","guid":{"rendered":"http:\/\/catolicanet.net\/wp-cnet\/2017\/05\/13\/maes-sao-a-maior-reserva-do-amor-de-deus\/"},"modified":"2017-06-08T11:49:30","modified_gmt":"2017-06-08T14:49:30","slug":"maes-sao-a-maior-reserva-do-amor-de-deus","status":"publish","type":"post","link":"https:\/\/catolicanet.net\/wp-cnet\/maes-sao-a-maior-reserva-do-amor-de-deus\/","title":{"rendered":"M\u00e3es s\u00e3o a maior reserva do amor de Deus"},"content":{"rendered":"<p style=\"text-align: justify;\"><img decoding=\"async\" src=\"http:\/\/www.catolicanet.com.br\/images\/stories\/artigos\/felipe aquino.jpg\" border=\"0\" align=\"left\" \/>*Felipe Aquino<\/p>\n<p>Quanto mais o mundo se agita nesse mar de viol\u00eancia e \u00f3dio, mais precisamos nos lembrar da figura da m\u00e3e, porque ela \u00e9 a maior reserva de amor que Deus colocou neste mundo.<\/p>\n<p>Quando tudo parece estar perdido, ainda resta o cora\u00e7\u00e3o, e \u00e9 de l\u00e1 que a vida come\u00e7a a renascer. Na humanidade, a m\u00e3e \u00e9 aquela que tem o primado do cora\u00e7\u00e3o. Nem os arranha-c\u00e9us mais altos, nem os computadores mais possantes, nem os avi\u00f5es mais velozes podem ser comparados \u00e0 beleza transcendente do teu olhar e ao sentimento incompar\u00e1vel do teu cora\u00e7\u00e3o.<\/p>\n<p>A m\u00e3e n\u00e3o foi criada somente para dar a vida aos filhos e filhas, mas muito mais do que isto, para defender a vida, para educar, para semear o amor. Antes que seja tarde, o mundo precisa aprender com elas a li\u00e7\u00e3o do perd\u00e3o sem limites, da compaix\u00e3o, da bondade que supera toda inveja, da paci\u00eancia que vence toda inquieta\u00e7\u00e3o, do amor que vence todo \u00f3dio, e que \u00e9 mais forte do que a morte.<\/p>\n<p>M\u00e3e, que tu sejas como a M\u00e3e de Deus: dispon\u00edvel, discreta, silenciosa, delicada, am\u00e1vel, prestativa, uma mulher de ora\u00e7\u00e3o, de f\u00e9, toda entregue a Deus. Somos gratos a Deus que te criou e deu de presente a cada um de n\u00f3s. Deves ser como a raiz da \u00e1rvore, que mesmo escondida, promove o crescimento dos ramos e dos frutos. Que olhando para ti, aprendamos a dar gra\u00e7as a Deus todos os dias.<\/p>\n<p>M\u00e3e, mais do nunca, precisamos muito de ti! Algu\u00e9m disse um dia que \u201cser m\u00e3e \u00e9 padecer no para\u00edso\u201d; e uma outra mulher disse que o filho, depois que deixa o ventre da m\u00e3e, \u201cpassa para a sua cabe\u00e7a, e dali n\u00e3o sai mais\u201d. S\u00e3o palavras s\u00e1bias do povo, que bem expressam a grandeza da\u00a0 m\u00e3e. Como filhos, aceitemos as nossas m\u00e3es como elas s\u00e3o, com seus erros e acertos, suas qualidades e defeitos, suas inseguran\u00e7as, limita\u00e7\u00f5es e exageros!<\/p>\n<p>Obrigado m\u00e3e, por me abrigares em teu ventre, pelas noites em claro, pelas l\u00e1grimas derramadas, pelas lutas do dia a dia, pelas m\u00e3os singelas que aliviam a minha dor, pelo sorriso que acalma a minha ang\u00fastia, ansiedade e inseguran\u00e7as. <\/p>\n<p>Obrigado pelas muitas vezes que renunciaste tua vida, teus desejos, vontades e necessidades, para me servir. Obrigado pelo teu olhar profundo e sincero que me leva a Deus. Obrigado pelo teu abra\u00e7o, pelo teu cora\u00e7\u00e3o que sempre acolhe e perdoa. Obrigado pela tua presen\u00e7a amiga que me faz acreditar no amor!<\/p>\n<p>*Felipe Aquino \u00e9 professor, autor de mais de 70 livros e apresentador dos programas \u201cEscola da F\u00e9\u201d e \u201cPergunte e Responderemos\u201d, na TV Can\u00e7\u00e3o Nova, e \u201cNo Cora\u00e7\u00e3o da Igreja\u201d, na R\u00e1dio Can\u00e7\u00e3o Nova. Em julho de 2012 recebeu o t\u00edtulo de \u201cCavaleiro da Ordem de S\u00e3o Greg\u00f3rio Magno\u201d, concedida pelo Papa \u00e0s pessoas que se destacam no trabalho em prol da evangeliza\u00e7\u00e3o, em defesa da f\u00e9 e do desenvolvimento da Igreja Cat\u00f3lica.<\/p>\n<p style=\"text-align: justify;\">\u00a0<\/p>\n","protected":false},"excerpt":{"rendered":"<p>*Felipe Aquino Quanto mais o mundo se agita nesse mar de viol\u00eancia e \u00f3dio, mais precisamos nos lembrar da figura da m\u00e3e, porque ela \u00e9 a maior reserva de amor que Deus colocou neste mundo. Quando tudo parece estar perdido, ainda resta o cora\u00e7\u00e3o, e \u00e9 de l\u00e1 que a vida come\u00e7a a renascer. Na [&hellip;]<\/p>\n","protected":false},"author":1,"featured_media":29878,"comment_status":"open","ping_status":"open","sticky":false,"template":"","format":"standard","meta":{"footnotes":""},"categories":[9],"tags":[],"class_list":["post-29879","post","type-post","status-publish","format-standard","has-post-thumbnail","hentry","category-artigos"],"_links":{"self":[{"href":"https:\/\/catolicanet.net\/wp-cnet\/wp-json\/wp\/v2\/posts\/29879","targetHints":{"allow":["GET"]}}],"collection":[{"href":"https:\/\/catolicanet.net\/wp-cnet\/wp-json\/wp\/v2\/posts"}],"about":[{"href":"https:\/\/catolicanet.net\/wp-cnet\/wp-json\/wp\/v2\/types\/post"}],"author":[{"embeddable":true,"href":"https:\/\/catolicanet.net\/wp-cnet\/wp-json\/wp\/v2\/users\/1"}],"replies":[{"embeddable":true,"href":"https:\/\/catolicanet.net\/wp-cnet\/wp-json\/wp\/v2\/comments?post=29879"}],"version-history":[{"count":1,"href":"https:\/\/catolicanet.net\/wp-cnet\/wp-json\/wp\/v2\/posts\/29879\/revisions"}],"predecessor-version":[{"id":30745,"href":"https:\/\/catolicanet.net\/wp-cnet\/wp-json\/wp\/v2\/posts\/29879\/revisions\/30745"}],"wp:featuredmedia":[{"embeddable":true,"href":"https:\/\/catolicanet.net\/wp-cnet\/wp-json\/wp\/v2\/media\/29878"}],"wp:attachment":[{"href":"https:\/\/catolicanet.net\/wp-cnet\/wp-json\/wp\/v2\/media?parent=29879"}],"wp:term":[{"taxonomy":"category","embeddable":true,"href":"https:\/\/catolicanet.net\/wp-cnet\/wp-json\/wp\/v2\/categories?post=29879"},{"taxonomy":"post_tag","embeddable":true,"href":"https:\/\/catolicanet.net\/wp-cnet\/wp-json\/wp\/v2\/tags?post=29879"}],"curies":[{"name":"wp","href":"https:\/\/api.w.org\/{rel}","templated":true}]}}