{"id":29858,"date":"2017-05-10T03:00:00","date_gmt":"2017-05-10T06:00:00","guid":{"rendered":"http:\/\/catolicanet.net\/wp-cnet\/2017\/05\/10\/um-glorioso-centenario\/"},"modified":"2017-06-08T13:56:46","modified_gmt":"2017-06-08T16:56:46","slug":"um-glorioso-centenario","status":"publish","type":"post","link":"https:\/\/catolicanet.net\/wp-cnet\/um-glorioso-centenario\/","title":{"rendered":"Um glorioso centen\u00e1rio"},"content":{"rendered":"<p style=\"text-align: justify;\">A cidade de Vi\u00e7osa (MG) est\u00e1 em festas comemorando o Centen\u00e1rio do Col\u00e9gio do Carmo, uma Escola modelar. Atrav\u00e9s destes cem anos fulgem o talento de seus professores, a santidade de renomadas religiosas carmelitas, o zelo de seus funcion\u00e1rios, a grandeza de milhares de jovens formados dentro da mais atualizada pedagogia de cada contexto hist\u00f3rico deste j\u00e1 longo per\u00edodo repleto de benemer\u00eancias. Tudo isto patrim\u00f4nio grandioso de um dos mais not\u00e1veis educand\u00e1rios cat\u00f3licos de todos os tempos. Nele avultam e pompeiam os merecimentos e as gl\u00f3rias f\u00falgidas de uma inigual\u00e1vel forma\u00e7\u00e3o que sempre ultrapassou as profundas informa\u00e7\u00f5es human\u00edsticas e cient\u00edficas transmitidas nas suas salas de aula. Tudo isto marcando profundamente a hist\u00f3ria da universit\u00e1ria cidade de Vi\u00e7osa que se ufana de ter no Col\u00e9gio do Carmo um dos pilares de seu pioneirismo na Educa\u00e7\u00e3o.\u00a0 A presen\u00e7a benem\u00e9rita deste Col\u00e9gio vive e sobrevive em fastos indestrut\u00edveis, em tradi\u00e7\u00f5es imortais. Isto porque tem formado pessoas bem orientadas para enfrentar os embates da exist\u00eancia e faz isto com sabedoria. Tais pessoas multiplicam o bem no meio em que atuam. De fato, quem recebe uma orienta\u00e7\u00e3o que leva ao desenvolvimento cultural e espiritual se torna um farol para seus semelhantes e esta \u00e9 a aur\u00e9ola deste Col\u00e9gio numa proje\u00e7\u00e3o indel\u00e9vel de sua efici\u00eancia. Nos lares, em outras escolas, nas mais diversas profiss\u00f5es, na vida p\u00fablica e particular um sem n\u00famero de crian\u00e7as e jovens idealistas que, tendo haurido a sapi\u00eancia, a ci\u00eancia e o esp\u00edrito carmelitano, tornam-se luzes a iluminar os que se acham em sua \u00f3rbita. Transmitem ent\u00e3o a plenitude da verdade em seu meio ambiente, dinamizando as estruturas nas quais est\u00e3o inseridas e nelas militam. N\u00e3o se pode minimizar este fato e muito menos esquec\u00ea-lo nesta efem\u00e9ride, por todos os t\u00edtulos, luzidia. Trata-se de uma premissa que precisa realmente ser valorizada sob pena de tornar vazia esta comemora\u00e7\u00e3o. O que o Col\u00e9gio do Carmo tem oferecido no engrandecimento da intelig\u00eancia e no enobrecimento do cora\u00e7\u00e3o, emoldurando a personalidade de cada um que o tem frequentado, \u00e9 uma obra digna de todos os enc\u00f4mios. No sorver cotidiano dos ensinamentos, das atitudes, das rea\u00e7\u00f5es psicol\u00f3gicas e dos comportamentos atrav\u00e9s das diversas etapas do aprendizado, surgem sempre patriotas, crist\u00e3os e crist\u00e3s convictos de seu papel na sociedade. Consci\u00eancias plenificadas no paulatino e constante enriquecimento das qualidades individuais de acordo com o perfil caracterol\u00f3gico pr\u00f3prio. \u00c9 o que tem sido cultivado por pedagogos competentes e eficientes ao longo destes aben\u00e7oados dec\u00eanios. Valores humanos desabrochados em testemunhos pessoais, dignos, serenos, iluminadores. As intelig\u00eancias sempre receberam nesta Escola centen\u00e1ria um norte que as estimulou na busca da realidade objetiva, numa fuga das ilus\u00f5es criadas pelos falsos arquitetos de ideias. \u00c9 deste modo que o Col\u00e9gio do Carmo tem imunizado a quantos nele t\u00eam se matriculado contra a confus\u00e3o mental e moral, educando pessoas aptas a abra\u00e7ar os caminhos da aut\u00eantica felicidade, cora\u00e7\u00f5es libertos de perplexidades ocasionadas pelas\u00a0 alicia\u00e7\u00f5es do mal. Oferece crit\u00e9rios seguros\u00a0 para que cada um\u00a0 bem se situe no tumulto espec\u00edfico de cada \u00e9poca atrav\u00e9s do reto uso da liberdade, libertando-se dos prazeres hedon\u00edsticos e das concep\u00e7\u00f5es materialistas de vida. Mesmo antes do Vaticano II neste Col\u00e9gio todos os diretores e mestres tiveram consci\u00eancia de que \u201ca natureza intelectual da pessoa humana se aperfei\u00e7oa e deve ser aperfei\u00e7oada pela sabedoria. Esta atrai de maneira suave a mente do ser humano \u00e0 procura e ao amor da verdade e do bem. de sabedoria, o ser humano passa das coisas vis\u00edveis \u00e0s invis\u00edveis\u201d (Gaudium et Spes 15). Adite-se que, realmente, a metade deste centen\u00e1rio foi impulsionada sob as diretrizes do Conc\u00edlio Vaticano II que abriu novas perspectivas que foram aqui aplicadas com raro descortino. Por tudo isto este centen\u00e1rio faz fulgir esperan\u00e7as para Vi\u00e7osa e para a P\u00e1tria. Mais do que nunca precisamos de anjos tutelares para que a sociedade humana seja cada vez imune \u00e0 desagrega\u00e7\u00e3o disseminada pelos arautos de perniciosos erros. Do Col\u00e9gio do Carmo sempre sa\u00edram e sair\u00e3o profetas de um mundo mais humano e fraterno. Por tudo isto este Centen\u00e1rio est\u00e1 repleto de significado e nele e por causa dele todos se rejubilem, dando gra\u00e7as a Deus porque em Vi\u00e7osa h\u00e1 este Col\u00e9gio do Carmo que h\u00e1 cem anos vem irradiando saber e paz para milhares de cora\u00e7\u00f5es.<\/p>\n<p style=\"text-align: justify;\">\u00a0<\/p>\n","protected":false},"excerpt":{"rendered":"<p>A cidade de Vi\u00e7osa (MG) est\u00e1 em festas comemorando o Centen\u00e1rio do Col\u00e9gio do Carmo, uma Escola modelar. Atrav\u00e9s destes cem anos fulgem o talento de seus professores, a santidade de renomadas religiosas carmelitas, o zelo de seus funcion\u00e1rios, a grandeza de milhares de jovens formados dentro da mais atualizada pedagogia de cada contexto hist\u00f3rico [&hellip;]<\/p>\n","protected":false},"author":7,"featured_media":0,"comment_status":"open","ping_status":"open","sticky":false,"template":"","format":"standard","meta":{"footnotes":""},"categories":[9],"tags":[],"class_list":["post-29858","post","type-post","status-publish","format-standard","hentry","category-artigos"],"_links":{"self":[{"href":"https:\/\/catolicanet.net\/wp-cnet\/wp-json\/wp\/v2\/posts\/29858","targetHints":{"allow":["GET"]}}],"collection":[{"href":"https:\/\/catolicanet.net\/wp-cnet\/wp-json\/wp\/v2\/posts"}],"about":[{"href":"https:\/\/catolicanet.net\/wp-cnet\/wp-json\/wp\/v2\/types\/post"}],"author":[{"embeddable":true,"href":"https:\/\/catolicanet.net\/wp-cnet\/wp-json\/wp\/v2\/users\/7"}],"replies":[{"embeddable":true,"href":"https:\/\/catolicanet.net\/wp-cnet\/wp-json\/wp\/v2\/comments?post=29858"}],"version-history":[{"count":1,"href":"https:\/\/catolicanet.net\/wp-cnet\/wp-json\/wp\/v2\/posts\/29858\/revisions"}],"predecessor-version":[{"id":30794,"href":"https:\/\/catolicanet.net\/wp-cnet\/wp-json\/wp\/v2\/posts\/29858\/revisions\/30794"}],"wp:attachment":[{"href":"https:\/\/catolicanet.net\/wp-cnet\/wp-json\/wp\/v2\/media?parent=29858"}],"wp:term":[{"taxonomy":"category","embeddable":true,"href":"https:\/\/catolicanet.net\/wp-cnet\/wp-json\/wp\/v2\/categories?post=29858"},{"taxonomy":"post_tag","embeddable":true,"href":"https:\/\/catolicanet.net\/wp-cnet\/wp-json\/wp\/v2\/tags?post=29858"}],"curies":[{"name":"wp","href":"https:\/\/api.w.org\/{rel}","templated":true}]}}