{"id":29855,"date":"2017-05-09T18:47:53","date_gmt":"2017-05-09T21:47:53","guid":{"rendered":"http:\/\/catolicanet.net\/wp-cnet\/2017\/05\/09\/o-semblante-da-paz\/"},"modified":"2017-06-08T14:07:24","modified_gmt":"2017-06-08T17:07:24","slug":"o-semblante-da-paz","status":"publish","type":"post","link":"https:\/\/catolicanet.net\/wp-cnet\/o-semblante-da-paz\/","title":{"rendered":"O Semblante da Paz"},"content":{"rendered":"<p style=\"text-align: justify;\"><img decoding=\"async\" src=\"http:\/\/www.catolicanet.com.br\/images\/stories\/noticias2017\/40b9b55f0670c8418.jpg\" border=\"0\" align=\"left\" \/>Dom Kyrillos no Santu\u00e1rio Nacional de Aparecida do Norte durante a 55\u00aa Assembleia Geral da CNBB. Dom Kyrillos no Santu\u00e1rio Nacional de Aparecida do Norte durante a 55\u00aa Assembleia Geral da CNBB.<\/p>\n<p>Em maio, apenas 3 dias ap\u00f3s a visita do Papa Francisco ao Egito, a ACN recebeu no Brasil o bispo copta cat\u00f3lico de Assiut, Dom Kyrillos Samaan. Respons\u00e1vel pelos crist\u00e3os de uma das regi\u00f5es mais pobres e perseguidas do Egito, Dom Kyrillos trouxe para o Brasil uma mensagem de paz ao falar na Assembleia da CNBB e tamb\u00e9m para a imprensa. \u201cQuando no Antigo testamento o povo precisou de trigo, foram at\u00e9 o Egito; quando a Sagrada Fam\u00edlia precisou fugir de Herodes, o anjo apontou para o Egito, hoje queremos que venham at\u00e9 n\u00f3s em busca de paz\u201d.<\/p>\n<p>Apesar de os crist\u00e3os estarem no Egito desde o s\u00e9culo I, hoje eles s\u00e3o uma minoria perseguida. Impedidos de terem cargos p\u00fablicos \u2013 no seu documento de identidade consta que s\u00e3o crist\u00e3os como forma de discrimina\u00e7\u00e3o \u2013 constantemente s\u00e3o v\u00edtimas de atentados (como os do Domingo de Ramos deste ano) e, em muitas pequenas vilas, as meninas crist\u00e3s s\u00e3o sequestradas por extremistas isl\u00e2micos, que as for\u00e7am a um casamento e as impedem de verem suas fam\u00edlias novamente. Mesmo em meio a um ambiente de discrimina\u00e7\u00e3o e persegui\u00e7\u00e3o, muitos eg\u00edpcios ainda tatuam em seus bra\u00e7os uma cruz, simbolizando a alegria de serem crist\u00e3os. Dom Kyrillos afirmou que seu povo est\u00e1 pronto para a persegui\u00e7\u00e3o: \u201cO Evangelho n\u00e3o nos enganou quando disse que ser\u00edamos perseguidos\u201d.<\/p>\n<p>Sobre a ACN, Dom Kyrillos disse que ficou impressionado quando viu a lista de projetos apoiados em sua regi\u00e3o nos \u00faltimos dez anos: \u201cIgrejas, semin\u00e1rios, conventos e muitas outras ajudas, tudo para o trabalho pastoral, n\u00e3o sei o que seria dos crist\u00e3os sem a ajuda de voc\u00eas. Seus benfeitores s\u00e3o santos do tempo presente e levam a voz dos crist\u00e3os perseguidos a todos os lugares\u201d.<\/p>\n<p style=\"text-align: justify;\">\u00a0<\/p>\n<p style=\"text-align: justify;\">Fonte: ACN<\/p>\n","protected":false},"excerpt":{"rendered":"<p>Dom Kyrillos no Santu\u00e1rio Nacional de Aparecida do Norte durante a 55\u00aa Assembleia Geral da CNBB. Dom Kyrillos no Santu\u00e1rio Nacional de Aparecida do Norte durante a 55\u00aa Assembleia Geral da CNBB. Em maio, apenas 3 dias ap\u00f3s a visita do Papa Francisco ao Egito, a ACN recebeu no Brasil o bispo copta cat\u00f3lico de [&hellip;]<\/p>\n","protected":false},"author":1,"featured_media":29854,"comment_status":"open","ping_status":"open","sticky":false,"template":"","format":"standard","meta":{"footnotes":""},"categories":[7],"tags":[],"class_list":["post-29855","post","type-post","status-publish","format-standard","has-post-thumbnail","hentry","category-cnbb"],"_links":{"self":[{"href":"https:\/\/catolicanet.net\/wp-cnet\/wp-json\/wp\/v2\/posts\/29855","targetHints":{"allow":["GET"]}}],"collection":[{"href":"https:\/\/catolicanet.net\/wp-cnet\/wp-json\/wp\/v2\/posts"}],"about":[{"href":"https:\/\/catolicanet.net\/wp-cnet\/wp-json\/wp\/v2\/types\/post"}],"author":[{"embeddable":true,"href":"https:\/\/catolicanet.net\/wp-cnet\/wp-json\/wp\/v2\/users\/1"}],"replies":[{"embeddable":true,"href":"https:\/\/catolicanet.net\/wp-cnet\/wp-json\/wp\/v2\/comments?post=29855"}],"version-history":[{"count":1,"href":"https:\/\/catolicanet.net\/wp-cnet\/wp-json\/wp\/v2\/posts\/29855\/revisions"}],"predecessor-version":[{"id":30801,"href":"https:\/\/catolicanet.net\/wp-cnet\/wp-json\/wp\/v2\/posts\/29855\/revisions\/30801"}],"wp:featuredmedia":[{"embeddable":true,"href":"https:\/\/catolicanet.net\/wp-cnet\/wp-json\/wp\/v2\/media\/29854"}],"wp:attachment":[{"href":"https:\/\/catolicanet.net\/wp-cnet\/wp-json\/wp\/v2\/media?parent=29855"}],"wp:term":[{"taxonomy":"category","embeddable":true,"href":"https:\/\/catolicanet.net\/wp-cnet\/wp-json\/wp\/v2\/categories?post=29855"},{"taxonomy":"post_tag","embeddable":true,"href":"https:\/\/catolicanet.net\/wp-cnet\/wp-json\/wp\/v2\/tags?post=29855"}],"curies":[{"name":"wp","href":"https:\/\/api.w.org\/{rel}","templated":true}]}}