{"id":29833,"date":"2017-05-08T03:00:00","date_gmt":"2017-05-08T06:00:00","guid":{"rendered":"http:\/\/catolicanet.net\/wp-cnet\/2017\/05\/08\/peregrinacao-da-redevida\/"},"modified":"2017-06-08T14:38:40","modified_gmt":"2017-06-08T17:38:40","slug":"peregrinacao-da-redevida","status":"publish","type":"post","link":"https:\/\/catolicanet.net\/wp-cnet\/peregrinacao-da-redevida\/","title":{"rendered":"Peregrina\u00e7\u00e3o da REDEVIDA"},"content":{"rendered":"<p style=\"text-align: justify;\">Maio \u00e9 o m\u00eas de Maria, das m\u00e3es, mas \u00e9 tamb\u00e9m o m\u00eas da inaugura\u00e7\u00e3o da Rede Vida. S\u00e3o 22 anos de servi\u00e7o \u00e0 causa do bem, da fam\u00edlia, dos valores que constroem uma p\u00e1tria com dignidade. A Rede Vida, antes mesmo de ir ao ar, foi consagrada a Nossa Senhora, tanto em Aparecida como em F\u00e1tima. Por isso, aproveitando o ensejo do Ano Mariano (300 anos de Aparecida) e do Centen\u00e1rio de F\u00e1tima, estivemos no dia 8 de maio em peregrina\u00e7\u00e3o com todos os diretores, alguns funcion\u00e1rios e colaboradores, assim como com os sacerdotes que celebram as missas na RedeVida em peregrina\u00e7\u00e3o no Santu\u00e1rio Nacional. Todos que comp\u00f5em o INBRAC \u2013 Instituto Brasileiro de Comunica\u00e7\u00e3o, mantenedor da Rede Vida de Televis\u00e3o, quando, na qualidade de presidente do Conselho do INBRAC, presidi a Missa Festiva dessa peregrina\u00e7\u00e3o, transmitida para todo o Brasil.<br \/> A chegada de uma rede de televis\u00e3o de inspira\u00e7\u00e3o cat\u00f3lica foi uma grande novidade na \u00e9poca. J\u00e1 t\u00ednhamos muitas experi\u00eancias na Televis\u00e3o, mas n\u00e3o em uma emissora de inspira\u00e7\u00e3o cat\u00f3lica, como \u00e9 a RedeVida. Aqui no Rio de Janeiro mesmo, t\u00ednhamos v\u00e1rias transmiss\u00f5es de missa pela Televis\u00e3o. Apenas para recordar e deixar fixo para a posteridade: Na antiga TV Educativa, (hoje TV Brasil) desde 1974, na Rede Globo desde 1968, na extinta TV Excelsior entre 1963 e 1967. Programas como a Voz do Pastor, na antiga TV Tupi entre 1971 e 1974 e TV Rio entre 1972 e 1973; Palavra de Vida na TV Educativa (hoje TV Brasil) desde 1972, e Notici\u00e1rio da Arquidiocese na TV Globo em 1971 (local) e nacional de 1974 a 2008.<br \/> Hoje, quando temos uma situa\u00e7\u00e3o em que muitos maldosamente identificam \u201cestado laico\u201d como \u201cestado ateu ou laicista\u201d, e colocam muitos obst\u00e1culos aos cidad\u00e3os brasileiros que querem manifestar sua f\u00e9, sem d\u00favida \u00e9 bom recordar essa hist\u00f3ria. Assim como a hist\u00f3ria da presen\u00e7a da Arquidiocese do Rio de Janeiro, teremos tamb\u00e9m de muitas outras em muitas cidades do Brasil, com v\u00e1rias programa\u00e7\u00f5es. Creio que faltaria ainda uma bela hist\u00f3ria positiva sobre essas presen\u00e7as da Igreja na m\u00eddia televisiva no Brasil. <br \/> Mas, sem d\u00favida, a primeira rede de televis\u00e3o que abriu caminhos para tantas outras que se sucederam foi a Rede Vida. A inspira\u00e7\u00e3o de um leigo (Monteiro Filho) que procurou o seu bispo (D. Mucciolo) e que se submeterem \u00e0s orienta\u00e7\u00f5es da CNBB (na \u00e9poca D. Luciano Mendes de Almeida, hoje servo de Deus) fez nascer um novo canal no Brasil, que antes da inaugura\u00e7\u00e3o difundia seu sinal fixo com a estrela caracter\u00edstica, pelo sinal do sat\u00e9lite para todo o pa\u00eds. O tempo passa, os tempos mudam, as quest\u00f5es aparecem e se solucionam, e nesta segunda-feira, dia 8 de Maio pudemos agradecer a Deus, junto com a nossa m\u00e3e Maria, por esse servi\u00e7o ao Brasil e aos valores que constroem a nossa p\u00e1tria, e pedir luzes para continuar com criatividade essa miss\u00e3o.<br \/> Para mim foi uma gra\u00e7a retornar a Aparecida, onde estive entre os dias 25 de abril e 05 de maio de 2017, participando da 55\u00aa. Assembleia Geral da CNBB. N\u00f3s observamos, como bispos no Brasil irmanados em Confer\u00eancia Episcopal, que o contato com o povo santo de Deus nas missas de cada manh\u00e3 no Santu\u00e1rio Nacional \u00e9 como uma efus\u00e3o do Esp\u00edrito Santo a iluminar o Episcopado Brasileiro, em sintonia com seu Povo Santo de Deus, de levar adiante o mandato mission\u00e1rio dado por Cristo e confiado a cada um dos batizados e batizadas. Sempre presentes em meu cora\u00e7\u00e3o as palavras prenhes de beleza espiritual do Papa Francisco na missa que celebrou em Aparecida, em 24 de julho de 2013: \u201cQueria dizer-lhes, primeiramente, uma coisa. Neste Santu\u00e1rio, seis anos atr\u00e1s, quando aqui se realizou a V Confer\u00eancia Geral do Episcopado da Am\u00e9rica Latina e do Caribe, pude dar-me conta pessoalmente de um fato bel\u00edssimo: ver como os Bispos \u2013 que trabalharam sobre o tema do encontro com Cristo, discipulado e miss\u00e3o \u2013 eram animados, acompanhados e, em certo sentido, inspirados pelos milhares de peregrinos que vinham diariamente confiar a sua vida a Nossa Senhora: aquela Confer\u00eancia foi um grande momento de vida da Igreja. E, de fato, pode-se dizer que o Documento de Aparecida nasceu justamente deste encontro entre os trabalhos dos Pastores e a f\u00e9 simples dos romeiros, sob a prote\u00e7\u00e3o maternal de Maria. A Igreja, quando busca Cristo, bate sempre \u00e0 casa da M\u00e3e e pede: \u201cMostrai-nos Jesus\u201d. \u00c9 de Maria que se aprende o verdadeiro discipulado. E, por isso, a Igreja sai em miss\u00e3o sempre na esteira de Maria\u201d. (Cf. https:\/\/w2.vatican.va\/content\/francesco\/pt\/homilies\/2013\/documents\/papa-francesco_20130724_gmg-omelia-aparecida.html). \u00daltimo acesso em 07 de maio de 2017.<br \/> Assim, n\u00f3s, fam\u00edlia INBRAC e RedeVida de Televis\u00e3o, nos fizemos romeiros com os romeiros. Escutamos a voz de Deus, que se faz forte, poderosa e santa, junto \u00e0 pequena imagem da Bem-Aventurada Virgem Maria, Rainha e Padroeira do Brasil. Recebemos uma r\u00e9plica da imagem para ser entronizada na segunda-feira, dia 15 de maio, no Santu\u00e1rio de Jesus Luz da Vida, em S\u00e3o Jos\u00e9 do Rio Preto.<br \/> H\u00e1 dez anos, em 13 de maio de 2007, assim dirigia a n\u00f3s, delegados da V Confer\u00eancia Geral do CELAM, o Papa Bento XVI, que exprime o sentido de todo romeiro peregrinar at\u00e9 o Santu\u00e1rio Nacional de Aparecida: \u201cConsidero um dom especial da Provid\u00eancia que esta Santa Missa seja celebrada neste tempo e neste lugar. O tempo \u00e9 o lit\u00fargico do VI Domingo de P\u00e1scoa (aten\u00e7\u00e3o-era na \u00e9poca): est\u00e1 pr\u00f3xima a Festa de Pentecostes, e a Igreja \u00e9 convidada a intensificar a invoca\u00e7\u00e3o ao Esp\u00edrito Santo. O lugar \u00e9 o Santu\u00e1rio Nacional de Nossa Senhora Aparecida, cora\u00e7\u00e3o mariano do Brasil: Maria nos acolhe neste Cen\u00e1culo e, como M\u00e3e e Mestra, nos ajuda a elevar a Deus uma prece un\u00e2nime e confiante. Esta celebra\u00e7\u00e3o lit\u00fargica constitui o fundamento mais s\u00f3lido da V Confer\u00eancia, porque p\u00f5e na sua base a ora\u00e7\u00e3o e a Eucaristia, Sacramentum caritatis. Com efeito, s\u00f3 a caridade de Cristo, emanada pelo Esp\u00edrito Santo, pode fazer desta reuni\u00e3o um aut\u00eantico acontecimento eclesial, um momento de gra\u00e7a para este Continente e para o mundo inteiro. Esta tarde terei a possibilidade de entrar no m\u00e9rito dos conte\u00fados sugeridos pelo tema da vossa Confer\u00eancia. Demos agora espa\u00e7o \u00e0 Palavra de Deus, que com alegria acolhemos, com o cora\u00e7\u00e3o aberto e d\u00f3cil, a exemplo de Maria, Nossa Senhora da Concei\u00e7\u00e3o, a fim de que, pelo poder do Esp\u00edrito Santo, Cristo possa novamente \u201cfazer-se carne\u201d no hoje da nossa hist\u00f3ria\u201d. (Cf. http:\/\/www.veritatis.com.br\/fe-em-deus-nao-ideologias-homilia-do-papa-bento-xvi-em-aparecida). \u00daltimo acesso em 07 de maio de 2017.<br \/> Com o amado Papa Francisco, como romeiros de Nossa Senhora Aparecida, queremos repetir o seu desejo: \u201ctamb\u00e9m eu venho hoje bater \u00e0 porta da casa de Maria, que amou e educou Jesus, para que ajude a todos n\u00f3s, os Pastores do Povo de Deus, aos pais e aos educadores, a transmitir aos nossos jovens os valores que far\u00e3o deles construtores de um Pa\u00eds e de um mundo mais justo, solid\u00e1rio e fraterno. Para tal, gostaria de chamar a aten\u00e7\u00e3o para tr\u00eas simples posturas, tr\u00eas simples posturas: conservar a esperan\u00e7a; deixar-se surpreender por Deus; viver na alegria\u201d. (Cf. https:\/\/w2.vatican.va\/content\/francesco\/pt\/homilies\/2013\/documents\/papa-francesco_20130724_gmg-omelia-aparecida.html) \u00daltimo acesso em 07 de maio de 2017.<br \/> Realmente, conservando a esperan\u00e7a, deixando-se surpreender por Deus e vivendo, no cotidiano e testemunhando no mundo do trabalho e das rela\u00e7\u00f5es sociais, na alegria do Evangelho \u00e9 o desejo do INBRAC e da RedeVida de Televis\u00e3o. Que nos fazendo romeiros, todos n\u00f3s nos consagramos a M\u00e3e de Deus e Nossa, suplicando as luzes e gra\u00e7as necess\u00e1rias para que o trabalho da RedeVida de Televis\u00e3o, pela sua evangeliza\u00e7\u00e3o em favor da fam\u00edlia brasileira, seja um permanente testemunho do que pediu Nossa Senhora nas bodas de Can\u00e1 da Galileia: \u201cFazei tudo o que Ele vos disser\u201d! Que Jesus nos ensine a sermos homens e mulheres ardorosos na viv\u00eancia do Evangelho da Vida, da promo\u00e7\u00e3o da paz e na constru\u00e7\u00e3o da civiliza\u00e7\u00e3o do amor. Rezando por todos em Aparecida, confiamos \u00e0 maternal prote\u00e7\u00e3o de Nossa Senhora Aparecida, suplicando pelo Brasil e pelas nossas comunidades eclesiais, para que sejam lugares privilegiados da viv\u00eancia da vida crist\u00e3 e da transmiss\u00e3o da f\u00e9, maior tesouro que nossas fam\u00edlias nos legaram e que devemos transmitir. Que na mensagem simples e eloquente de Nossa Senhora Aparecida n\u00f3s sejamos ardorosos e aut\u00eanticos disc\u00edpulos-mission\u00e1rios de Jesus Cristo.<\/p>\n<p style=\"text-align: justify;\">Nossa Senhora Aparecida, rogai por n\u00f3s que recorremos a V\u00f3s!<\/p>\n","protected":false},"excerpt":{"rendered":"<p>Maio \u00e9 o m\u00eas de Maria, das m\u00e3es, mas \u00e9 tamb\u00e9m o m\u00eas da inaugura\u00e7\u00e3o da Rede Vida. S\u00e3o 22 anos de servi\u00e7o \u00e0 causa do bem, da fam\u00edlia, dos valores que constroem uma p\u00e1tria com dignidade. A Rede Vida, antes mesmo de ir ao ar, foi consagrada a Nossa Senhora, tanto em Aparecida como [&hellip;]<\/p>\n","protected":false},"author":5,"featured_media":0,"comment_status":"open","ping_status":"open","sticky":false,"template":"","format":"standard","meta":{"footnotes":""},"categories":[9],"tags":[],"class_list":["post-29833","post","type-post","status-publish","format-standard","hentry","category-artigos"],"_links":{"self":[{"href":"https:\/\/catolicanet.net\/wp-cnet\/wp-json\/wp\/v2\/posts\/29833","targetHints":{"allow":["GET"]}}],"collection":[{"href":"https:\/\/catolicanet.net\/wp-cnet\/wp-json\/wp\/v2\/posts"}],"about":[{"href":"https:\/\/catolicanet.net\/wp-cnet\/wp-json\/wp\/v2\/types\/post"}],"author":[{"embeddable":true,"href":"https:\/\/catolicanet.net\/wp-cnet\/wp-json\/wp\/v2\/users\/5"}],"replies":[{"embeddable":true,"href":"https:\/\/catolicanet.net\/wp-cnet\/wp-json\/wp\/v2\/comments?post=29833"}],"version-history":[{"count":1,"href":"https:\/\/catolicanet.net\/wp-cnet\/wp-json\/wp\/v2\/posts\/29833\/revisions"}],"predecessor-version":[{"id":30833,"href":"https:\/\/catolicanet.net\/wp-cnet\/wp-json\/wp\/v2\/posts\/29833\/revisions\/30833"}],"wp:attachment":[{"href":"https:\/\/catolicanet.net\/wp-cnet\/wp-json\/wp\/v2\/media?parent=29833"}],"wp:term":[{"taxonomy":"category","embeddable":true,"href":"https:\/\/catolicanet.net\/wp-cnet\/wp-json\/wp\/v2\/categories?post=29833"},{"taxonomy":"post_tag","embeddable":true,"href":"https:\/\/catolicanet.net\/wp-cnet\/wp-json\/wp\/v2\/tags?post=29833"}],"curies":[{"name":"wp","href":"https:\/\/api.w.org\/{rel}","templated":true}]}}