{"id":29832,"date":"2017-05-09T13:26:34","date_gmt":"2017-05-09T16:26:34","guid":{"rendered":"http:\/\/catolicanet.net\/wp-cnet\/2017\/05\/09\/somos-povo-de-deus\/"},"modified":"2017-06-08T14:18:47","modified_gmt":"2017-06-08T17:18:47","slug":"somos-povo-de-deus","status":"publish","type":"post","link":"https:\/\/catolicanet.net\/wp-cnet\/somos-povo-de-deus\/","title":{"rendered":"Somos povo de Deus"},"content":{"rendered":"<p style=\"text-align: justify;\">\u00c0s vezes, de tanto caminhar e trabalhar dias a fio, n\u00f3s nos esquecemos de que fomos escolhidos como porta-estandartes de uma bandeira que n\u00e3o \u00e9 apenas nossa, mas de toda a humanidade. Em Cristo Jesus Ressuscitado, somos todos sacerdotes que oferecemos a Deus o sacrif\u00edcio espiritual que traz a salva\u00e7\u00e3o ao mundo. \u00c9 desta forma que constru\u00edmos o Reino de Deus porque os sacrif\u00edcios que oferecemos n\u00e3o s\u00e3o como os da Antiga Alian\u00e7a \u2013 holocaustos de carneiros e touros \u2013 mas a entrega das nossas vidas ao servi\u00e7o do Reino de Deus, visto que estamos comprometidos em formar j\u00e1 aqui a fam\u00edlia de Deus onde reina a verdade, o amor e a justi\u00e7a.<br \/>Isso \u00e9 o que n\u00f3s, crist\u00e3os, somos pelo nosso Batismo. O desafio est\u00e1 em chegar a ser, na vida real, aquilo que j\u00e1 somos na presen\u00e7a de Deus.\u00a0 Nosso chamado consiste em levar \u00e0 pr\u00e1tica di\u00e1ria esse amor com o qual Deus nos amou em Jesus e nos transformou em povo eleito e na\u00e7\u00e3o consagrada. Para alcan\u00e7armos nosso objetivo, o evangelho do quinto domingo da P\u00e1scoa(cf. Jo 14,1-12) nos mostra o caminho: o mesmo que Jesus disse a respeito de si mesmo, que Ele era \u201co Caminho, a Verdade e a Vida\u201d(cf. Jo 14,6).\u00a0 Os ap\u00f3stolos custaram a compreender que seguir Jesus era muito mais importante que aprender algumas verdades, que n\u00e3o se tratava de teologia, mas de se encontrarem com Jesus e permitir que este fosse o guia que os levaria at\u00e9 o Reino do Pai. N\u00e3o havia outro caminho a n\u00e3o ser seguir suas pegadas. Hoje, devemos dizer o mesmo: seguir os passos de Jesus, comportarmo-nos como Ele, amando nossos irm\u00e3os, at\u00e9 dar-lhes tudo, como Ele fez.<br \/>Fazer isso na vida di\u00e1ria nem sempre \u00e9 f\u00e1cil. Hoje enfrentamos problemas e situa\u00e7\u00f5es que n\u00e3o t\u00eam nada a ver com as enfrentadas por Jesus ou os ap\u00f3stolos.\u00a0 Mas esse \u00e9 justamente o nosso desafio: encontrar solu\u00e7\u00f5es criativas, de acordo com o Reino, para os problemas que surgem. Tal como fizeram os ap\u00f3stolos na Igreja primitiva, ao perceberem que um grupo da comunidade, as vi\u00favas dos gregos, n\u00e3o recebia a aten\u00e7\u00e3o merecida. Solucionaram imediatamente o problema, criando um grupo que deveria atend\u00ea-las: os di\u00e1conos. Desta forma, devemos seguir Jesus, ou seja, oferecendo solu\u00e7\u00f5es aos problemas com os quais nos deparamos. Perguntando sempre: o que Jesus faria em situa\u00e7\u00e3o como esta? E deixarmo-nos levar pelo Esp\u00edrito at\u00e9 que encontremos as formas e os modos concretos que nos levem a expressar da maneira mais eficaz poss\u00edvel o amor pelos irm\u00e3os, especialmente pelos mais necessitados.<\/p>\n","protected":false},"excerpt":{"rendered":"<p>\u00c0s vezes, de tanto caminhar e trabalhar dias a fio, n\u00f3s nos esquecemos de que fomos escolhidos como porta-estandartes de uma bandeira que n\u00e3o \u00e9 apenas nossa, mas de toda a humanidade. Em Cristo Jesus Ressuscitado, somos todos sacerdotes que oferecemos a Deus o sacrif\u00edcio espiritual que traz a salva\u00e7\u00e3o ao mundo. \u00c9 desta forma [&hellip;]<\/p>\n","protected":false},"author":10,"featured_media":0,"comment_status":"open","ping_status":"open","sticky":false,"template":"","format":"standard","meta":{"footnotes":""},"categories":[9],"tags":[],"class_list":["post-29832","post","type-post","status-publish","format-standard","hentry","category-artigos"],"_links":{"self":[{"href":"https:\/\/catolicanet.net\/wp-cnet\/wp-json\/wp\/v2\/posts\/29832","targetHints":{"allow":["GET"]}}],"collection":[{"href":"https:\/\/catolicanet.net\/wp-cnet\/wp-json\/wp\/v2\/posts"}],"about":[{"href":"https:\/\/catolicanet.net\/wp-cnet\/wp-json\/wp\/v2\/types\/post"}],"author":[{"embeddable":true,"href":"https:\/\/catolicanet.net\/wp-cnet\/wp-json\/wp\/v2\/users\/10"}],"replies":[{"embeddable":true,"href":"https:\/\/catolicanet.net\/wp-cnet\/wp-json\/wp\/v2\/comments?post=29832"}],"version-history":[{"count":1,"href":"https:\/\/catolicanet.net\/wp-cnet\/wp-json\/wp\/v2\/posts\/29832\/revisions"}],"predecessor-version":[{"id":30813,"href":"https:\/\/catolicanet.net\/wp-cnet\/wp-json\/wp\/v2\/posts\/29832\/revisions\/30813"}],"wp:attachment":[{"href":"https:\/\/catolicanet.net\/wp-cnet\/wp-json\/wp\/v2\/media?parent=29832"}],"wp:term":[{"taxonomy":"category","embeddable":true,"href":"https:\/\/catolicanet.net\/wp-cnet\/wp-json\/wp\/v2\/categories?post=29832"},{"taxonomy":"post_tag","embeddable":true,"href":"https:\/\/catolicanet.net\/wp-cnet\/wp-json\/wp\/v2\/tags?post=29832"}],"curies":[{"name":"wp","href":"https:\/\/api.w.org\/{rel}","templated":true}]}}