{"id":29792,"date":"2017-05-05T23:47:44","date_gmt":"2017-05-06T02:47:44","guid":{"rendered":"http:\/\/catolicanet.net\/wp-cnet\/2017\/05\/05\/em-tuas-maos-senhor\/"},"modified":"2017-06-08T15:06:51","modified_gmt":"2017-06-08T18:06:51","slug":"em-tuas-maos-senhor","status":"publish","type":"post","link":"https:\/\/catolicanet.net\/wp-cnet\/em-tuas-maos-senhor\/","title":{"rendered":"EM TUAS M\u00c3OS, SENHOR!"},"content":{"rendered":"<p style=\"text-align: justify;\"><img decoding=\"async\" src=\"http:\/\/www.catolicanet.com.br\/images\/stories\/noticias2017\/18222054.jpg\" border=\"0\" align=\"left\" \/>A Congrega\u00e7\u00e3o das Irm\u00e3s do Imaculado Cora\u00e7\u00e3o de Maria, com muito pesar comunica o falecimento da querida Irm\u00e3 Miria Teresinha Kolling. A sua morte nos pegou de surpresa e a levou de n\u00f3s t\u00e3o rapidamente. Neste momento de dor e consterna\u00e7\u00e3o, s\u00f3 nos cabe pedir a Deus que a ilumine e lhe d\u00ea o repouso eterno, e que Deus d\u00ea conforto aos seus familiares, \u00e0 sua Comunidade, a todas as pessoas que amam Irm\u00e3 Miria, para que possam enfrentar esta imensur\u00e1vel dor com f\u00e9 e com serenidade.<\/p>\n<p>&#8220;A vida pr\u00e1 quem acredita, n\u00e3o \u00e9 passageira ilus\u00e3o, e a morte se torna bendita, porque \u00e9 nossa liberta\u00e7\u00e3o&#8221;. &#8220;Os olhos jamais contemplaram, ningu\u00e9m pode explicar, o que Deus tem preparado \u00e0quele que em vida o amar&#8221;. Esta foi a cren\u00e7a de nossa querida Irm\u00e3 Miria ao escrever as can\u00e7\u00f5es relativas ao falecimento de entes queridos.<\/p>\n<p>Hoje, a pr\u00f3pria Irm\u00e3 Miria est\u00e1 na presen\u00e7a de Deus, contemplando face a face o que Deus preparou para ela, que O amou intensamente por toda a sua vida.<\/p>\n<p>Irm\u00e3 MIRIA THEREZINHA KOLLING h\u00e1 57 anos foi Religiosa da Congrega\u00e7\u00e3o do Imaculado Cora\u00e7\u00e3o de Maria. Nascida em Dois Irm\u00e3os, Rio Grande do Sul &#8211; Brasil, desde cedo aprendeu na fam\u00edlia a amar e cultivar a m\u00fasica. Na Congrega\u00e7\u00e3o teve oportunidade de aprofundar seus estudos musicais. Como compositora de m\u00fasica lit\u00fargica e religiosa, conhecida sobretudo pelas Missas e cantos lit\u00fargicos, para as Celebra\u00e7\u00f5es. Al\u00e9m de cantos para a catequese e evangeliza\u00e7\u00e3o, comp\u00f4s mais de 600 m\u00fasicas, em geral com letra e m\u00fasica de sua autoria.<\/p>\n<p>Em nome da Congrega\u00e7\u00e3o das Irm\u00e3s do Imaculado Cora\u00e7\u00e3o de Maria, agradecemos a doa\u00e7\u00e3o de Ir. Miria, que se deixou iluminar e conduzir pela Divina Ruah, na composi\u00e7\u00e3o das bel\u00edssimas can\u00e7\u00f5es que, com poesia e musicalidade contribuem ao enriquecimento da Liturgia, \u00e0 aproxima\u00e7\u00e3o das pessoas e ao encontro com Deus.<\/p>\n<p>Segundo Frei Patr\u00edcio Sciadini, &#8220;Irm\u00e3 Miria foi uma alma contemplativa, que compreendeu o desejo religioso mais profundo do ser humano, traduzindo-o em m\u00fasica que eleva a Deus. Atrav\u00e9s de seus cantos, o povo reza, medita a Palavra, se sustenta na luta, sempre atento aos sinais dos tempos que questionam e evangelizam.&#8221; O seu dom, colocado a servi\u00e7o da Igreja, dar\u00e1 frutos abundantes e saborosos para a honra e gl\u00f3ria de Deus.<\/p>\n<p>VEL\u00d3RIO E SEPULTAMENTO<br \/>O vel\u00f3rio ser\u00e1 realizado durante o s\u00e1bado (06) no Educand\u00e1rio S\u00e3o Jos\u00e9 do Bel\u00e9m, situado \u00e0 Rua Bel\u00e9m, 129, bairro Belenzinho, S\u00e3o Paulo\/SP. A Missa de Corpo Presente ser\u00e1 na Igreja Matriz de S\u00e3o Jos\u00e9 do Bel\u00e9m, seguido de sepultamento no domingo, ainda sem hor\u00e1rio definido.<\/p>\n<p>Irm\u00e3 Marlise Hendges<br \/>Diretora Geral<br \/>Congrega\u00e7\u00e3o das Irm\u00e3s do Imaculado Cora\u00e7\u00e3o de Maria<\/p>\n","protected":false},"excerpt":{"rendered":"<p>A Congrega\u00e7\u00e3o das Irm\u00e3s do Imaculado Cora\u00e7\u00e3o de Maria, com muito pesar comunica o falecimento da querida Irm\u00e3 Miria Teresinha Kolling. A sua morte nos pegou de surpresa e a levou de n\u00f3s t\u00e3o rapidamente. Neste momento de dor e consterna\u00e7\u00e3o, s\u00f3 nos cabe pedir a Deus que a ilumine e lhe d\u00ea o repouso [&hellip;]<\/p>\n","protected":false},"author":1,"featured_media":29791,"comment_status":"open","ping_status":"open","sticky":false,"template":"","format":"standard","meta":{"footnotes":""},"categories":[4],"tags":[],"class_list":["post-29792","post","type-post","status-publish","format-standard","has-post-thumbnail","hentry","category-cotidiano"],"_links":{"self":[{"href":"https:\/\/catolicanet.net\/wp-cnet\/wp-json\/wp\/v2\/posts\/29792","targetHints":{"allow":["GET"]}}],"collection":[{"href":"https:\/\/catolicanet.net\/wp-cnet\/wp-json\/wp\/v2\/posts"}],"about":[{"href":"https:\/\/catolicanet.net\/wp-cnet\/wp-json\/wp\/v2\/types\/post"}],"author":[{"embeddable":true,"href":"https:\/\/catolicanet.net\/wp-cnet\/wp-json\/wp\/v2\/users\/1"}],"replies":[{"embeddable":true,"href":"https:\/\/catolicanet.net\/wp-cnet\/wp-json\/wp\/v2\/comments?post=29792"}],"version-history":[{"count":1,"href":"https:\/\/catolicanet.net\/wp-cnet\/wp-json\/wp\/v2\/posts\/29792\/revisions"}],"predecessor-version":[{"id":30838,"href":"https:\/\/catolicanet.net\/wp-cnet\/wp-json\/wp\/v2\/posts\/29792\/revisions\/30838"}],"wp:featuredmedia":[{"embeddable":true,"href":"https:\/\/catolicanet.net\/wp-cnet\/wp-json\/wp\/v2\/media\/29791"}],"wp:attachment":[{"href":"https:\/\/catolicanet.net\/wp-cnet\/wp-json\/wp\/v2\/media?parent=29792"}],"wp:term":[{"taxonomy":"category","embeddable":true,"href":"https:\/\/catolicanet.net\/wp-cnet\/wp-json\/wp\/v2\/categories?post=29792"},{"taxonomy":"post_tag","embeddable":true,"href":"https:\/\/catolicanet.net\/wp-cnet\/wp-json\/wp\/v2\/tags?post=29792"}],"curies":[{"name":"wp","href":"https:\/\/api.w.org\/{rel}","templated":true}]}}