{"id":29790,"date":"2017-05-05T18:58:00","date_gmt":"2017-05-05T21:58:00","guid":{"rendered":"http:\/\/catolicanet.net\/wp-cnet\/2017\/05\/05\/encerrada-a-55a-assembleia-dos-bispos-da-cnbb-realizada-em-aparecida-sp\/"},"modified":"2017-06-08T15:07:58","modified_gmt":"2017-06-08T18:07:58","slug":"encerrada-a-55a-assembleia-dos-bispos-da-cnbb-realizada-em-aparecida-sp","status":"publish","type":"post","link":"https:\/\/catolicanet.net\/wp-cnet\/encerrada-a-55a-assembleia-dos-bispos-da-cnbb-realizada-em-aparecida-sp\/","title":{"rendered":"Encerrada a 55a. Assembleia dos bispos da CNBB realizada em Aparecida (SP)"},"content":{"rendered":"<p style=\"text-align: justify;\"><img decoding=\"async\" src=\"http:\/\/www.catolicanet.com.br\/images\/stories\/noticias2017\/encerra-2400x1524_c.jpg\" border=\"0\" align=\"left\" \/>Encerrou-se na manh\u00e3 desta sexta-feira, 5 de maio, a 55a. Assembleia Geral da Confer\u00eancia Nacional dos Bispos do Brasil. O encontro foi realizado no Centro de Eventos Pe. V\u00edtor Coelho de Almeida, situado no p\u00e1tio do Santu\u00e1rio Nacional da Padroeira do Brasil, em Aparecida (SP). Na cerim\u00f4nia de encerramento, os bispos realizaram uma breve ora\u00e7\u00e3o de a\u00e7\u00e3o de gra\u00e7as pelos trabalhos realizados durante os dez dias que permaneceram reunidos convivendo, estudando, debatendo e rezando pela Igreja.<\/p>\n<p>Eram mais de 370 membros da Confer\u00eancia na reuni\u00e3o: cardeais, arcebispos, bispos diocesanos, bispos prelados, bispos auxiliares e coadjutores. Al\u00e9m desses bispos, estiveram presentes mais de 50 bispos em\u00e9ritos, isto \u00e9, aqueles que j\u00e1 renunciaram ao governo de Igrejas Particulares e se encontram num tempo f\u00e9rtil de descanso e em\u00a0 trabalhos diferentes. No encontro, os bispos contaram com a ajuda de grande equipe de colaboradores formada por assessores das comiss\u00f5es episcopais, funcion\u00e1rios e a equipe de servi\u00e7os do Centro de Eventos.<\/p>\n<p>Uma s\u00e9rie de empresas do ramo de livros, imagens e vestes religiosas ocuparam uma \u00e1rea especial na qual era poss\u00edvel circular nos intervalos da assembleia. Neste espa\u00e7o, foram apresentadas as \u00faltimas publica\u00e7\u00f5es das Edi\u00e7\u00f5es CNBB.<\/p>\n<p>Cobertura da M\u00eddia<\/p>\n<p>Na ala de recep\u00e7\u00e3o do local onde foi realizada a 55a. Assembleia Geral, estava a sala de Assessoria de Imprensa da CNBB que contou com a presen\u00e7a permanente de tr\u00eas jornalistas, um fot\u00f3grafo e um facilitador da comunica\u00e7\u00e3o entre os profissionais e os bispos em plen\u00e1rio. Neste lugar tamb\u00e9m foram distribu\u00eddas credenciais e era a refer\u00eancia para todo tipo de informa\u00e7\u00e3o a respeito do encontro.<\/p>\n<p>Numa sala exclusiva, servida de caf\u00e9 e biscoitos, os jornalistas credenciados puderam realizar seus trabalhos contando com internet cabeada e instala\u00e7\u00f5es apropriadas. Todos os dias da semana, participaram de dois momentos nos quais poderiam suprir a busca de informa\u00e7\u00f5es: a Entrevista Coletiva sempre contava com 4 bispos. O presidente da Comiss\u00e3o para Comunica\u00e7\u00e3o conduzia o encontro e tr\u00eas bispos escalados pela presid\u00eancia respondiam a todos os questionamentos dos jornalistas a respeito da Assembleia e de temas variados da vida da Igreja. Um outro momento, mais informal e n\u00e3o oficial, foi o \u201cMeeting Point\u201d, pela primeira vez experimentado, no qual se convidava um bispo para tratar de algum assunto importante e que n\u00e3o fazia parte da grade oficial do encontro.<\/p>\n<p>V\u00e1rias equipes de emissoras de TV inspira\u00e7\u00e3o cat\u00f3lica fizeram cobertura permanente: Rede Aparecida, Rede Vida, Can\u00e7\u00e3o Nova, S\u00e9culo 21 e Rede Mil\u00edcia. V\u00e1rias emissoras de R\u00e1dio se fizeram presente, entre elas estava a R\u00e1dio 9 de Julho, de S\u00e3o Paulo que manteve uma equipe constante. Dois jornais, entre outros, fizeram uma ampla cobertura: \u201cJornal Santu\u00e1rio\u201d, de Aparecida e Jornal \u201cO S\u00e3o Paulo\u201d, da arquidiocese de S\u00e3o Paulo.<\/p>\n<p>Ainda estiveram presentes em algum momento ou fizeram entrevista pelo telefone grandes ve\u00edculos da M\u00eddia Nacional: Rede Globo, Bandeirantes, SBT, Jornais Folha de S\u00e3o Paulo, O Globo e O Estado de S\u00e3o Paulo, este \u00faltimo com presen\u00e7a em toda a primeira semana da Assembleia com o rep\u00f3rter Jos\u00e9 Maria Mayrink.<\/p>\n<p>A parceria da CNBB com o portal a12.com de Aparecida foi um dos pontos relevantes no trabalho de cobertura jornal\u00edstica da Assembleia. Diariamente, o portal transmitiu as Entrevistas Coletivas e o \u201cMeeting Point\u201d. \u201cEste tipo de servi\u00e7o foi de extrema import\u00e2ncia para nosso Plano de Comunica\u00e7\u00e3o da CNBB porque, com a transmiss\u00e3o do a12.com cheg\u00e1vamos \u00e0s reda\u00e7\u00f5es de todos os ve\u00edculos de comunica\u00e7\u00e3o interessados no encontro dos bispos\u201d, diz Pe. Rafael Vieira, coordenador da Assessoria de Imprensa da CNBB.<\/p>\n<p>Tem\u00e1rio<\/p>\n<p>O tema central da Assembleia, \u201cInicia\u00e7\u00e3o \u00e0 Vida Crist\u00e3\u201d, foi trabalhado em diversas sess\u00f5es do encontro. Contou com estudos de grupos e plen\u00e1rios que, no final, votou e aprovou um texto final para ajudar as dioceses e comunidades na caminhada de constante renova\u00e7\u00e3o da inicia\u00e7\u00e3o \u00e0 vida crist\u00e3 de crian\u00e7as, jovens e adultos.<\/p>\n<p>Outros temas tamb\u00e9m receberam aten\u00e7\u00e3o particular dos bispos, entre eles est\u00e3o: \u201cProjeto Comunh\u00e3o e Partilha\u201d, iniciativa que completou 5 anos e \u00e9 a express\u00e3o da solidariedade financeira para com dioceses pobres, principalmente para ajudar na forma\u00e7\u00e3o do clero; \u201cPensando o Brasil\u201d, um movimento que tem reunido estudos dos bispos em rela\u00e7\u00e3o a diversas realidades sociais brasileiras. Este ano, o trabalho foi voltado para a Educa\u00e7\u00e3o; \u201cCelebra\u00e7\u00e3o da Palavra de Deus\u201d, um documento para animar comunidades que n\u00e3o podem ter a celebra\u00e7\u00e3o da Eucaristia em v\u00e1rias partes do Brasil; \u201cMinistros da Palavra\u201d, ligado ao tema anterior, este documento analisado pelos bispos servir\u00e1 de ajuda para a forma\u00e7\u00e3o de pessoas que se capacitam para a prega\u00e7\u00e3o; \u201cNovas formas de consagra\u00e7\u00e3o e Novas Comunidades\u201d tamb\u00e9m foi tema estudado pelos bispos.<\/p>\n<p>Atividades<\/p>\n<p>Os bispos tiveram quatro sess\u00f5es privativas, numa delas contaram com a presen\u00e7a do N\u00fancio Apost\u00f3lico no Brasil, dom Giovanni D\u00b4Aniello. Todos os dias, no come\u00e7o da manh\u00e3, as 7h30, os bispos celebraram a Eucaristia no Santu\u00e1rio Nacional e no final de semana, dias 29 e 30 de aabril, participaram de um Retiro Espiritual pregado pelo monge trapista, dom Bernardo Bonowitz. A liturgia das horas foi celebrada, todos os dias, no plen\u00e1rio da Assembleia contando sempre com a ajuda do jesu\u00edta, Ir. Fernando Benedito Vieira, da assessoria para a M\u00fasica Lit\u00fargica da CNBB.<\/p>\n<p>O ritmo dos trabalhos foi bastante intenso e os bispos ainda faziam deslocamentos longos, considerando o movimento da ida para a missa e para ao almo\u00e7o, entre o hotel Rainha do Brasil, onde a maioria esteve hospedada, o Santu\u00e1rio Nacional e o Centro de Eventos. Uma quantidade significativa enfrentou esses trajetos \u00e0 p\u00e9. As atividades come\u00e7avam\u00a0 muito cedo e terminavam somente depois das 20h, al\u00e9m dos pequenos grupos que se reuniam depois do jantar como foi o caso daquele formado pelos membros do Consep que se encontrava quase todos os dias. O \u00fanico tempo de descanso foi a tarde do domingo, dia 30 de abril.<\/p>\n<p style=\"text-align: justify;\">\u00a0<\/p>\n<p style=\"text-align: justify;\">Fonte: CNBB<\/p>\n","protected":false},"excerpt":{"rendered":"<p>Encerrou-se na manh\u00e3 desta sexta-feira, 5 de maio, a 55a. Assembleia Geral da Confer\u00eancia Nacional dos Bispos do Brasil. O encontro foi realizado no Centro de Eventos Pe. V\u00edtor Coelho de Almeida, situado no p\u00e1tio do Santu\u00e1rio Nacional da Padroeira do Brasil, em Aparecida (SP). Na cerim\u00f4nia de encerramento, os bispos realizaram uma breve ora\u00e7\u00e3o [&hellip;]<\/p>\n","protected":false},"author":1,"featured_media":29789,"comment_status":"open","ping_status":"open","sticky":false,"template":"","format":"standard","meta":{"footnotes":""},"categories":[7],"tags":[],"class_list":["post-29790","post","type-post","status-publish","format-standard","has-post-thumbnail","hentry","category-cnbb"],"_links":{"self":[{"href":"https:\/\/catolicanet.net\/wp-cnet\/wp-json\/wp\/v2\/posts\/29790","targetHints":{"allow":["GET"]}}],"collection":[{"href":"https:\/\/catolicanet.net\/wp-cnet\/wp-json\/wp\/v2\/posts"}],"about":[{"href":"https:\/\/catolicanet.net\/wp-cnet\/wp-json\/wp\/v2\/types\/post"}],"author":[{"embeddable":true,"href":"https:\/\/catolicanet.net\/wp-cnet\/wp-json\/wp\/v2\/users\/1"}],"replies":[{"embeddable":true,"href":"https:\/\/catolicanet.net\/wp-cnet\/wp-json\/wp\/v2\/comments?post=29790"}],"version-history":[{"count":1,"href":"https:\/\/catolicanet.net\/wp-cnet\/wp-json\/wp\/v2\/posts\/29790\/revisions"}],"predecessor-version":[{"id":30839,"href":"https:\/\/catolicanet.net\/wp-cnet\/wp-json\/wp\/v2\/posts\/29790\/revisions\/30839"}],"wp:featuredmedia":[{"embeddable":true,"href":"https:\/\/catolicanet.net\/wp-cnet\/wp-json\/wp\/v2\/media\/29789"}],"wp:attachment":[{"href":"https:\/\/catolicanet.net\/wp-cnet\/wp-json\/wp\/v2\/media?parent=29790"}],"wp:term":[{"taxonomy":"category","embeddable":true,"href":"https:\/\/catolicanet.net\/wp-cnet\/wp-json\/wp\/v2\/categories?post=29790"},{"taxonomy":"post_tag","embeddable":true,"href":"https:\/\/catolicanet.net\/wp-cnet\/wp-json\/wp\/v2\/tags?post=29790"}],"curies":[{"name":"wp","href":"https:\/\/api.w.org\/{rel}","templated":true}]}}