{"id":2978,"date":"2013-09-20T17:46:12","date_gmt":"2013-09-20T20:46:12","guid":{"rendered":"http:\/\/catolicanet.net\/wp-cnet\/jmj-rio2013-card-rylko-agradece-a-cnbb\/"},"modified":"2017-03-22T15:51:16","modified_gmt":"2017-03-22T18:51:16","slug":"jmj-rio2013-card-rylko-agradece-a-cnbb","status":"publish","type":"post","link":"https:\/\/catolicanet.net\/wp-cnet\/jmj-rio2013-card-rylko-agradece-a-cnbb\/","title":{"rendered":"JMJ Rio2013: Card. Rylko agradece \u00e0 CNBB"},"content":{"rendered":"<p style=\"text-align: justify;\"><img decoding=\"async\" src=\"http:\/\/catolicanet.com.br\/images\/stories\/cardrylkojmjrio2013.jpg\" border=\"0\" align=\"left\" \/>O Presidente do Pontif\u00edcio Conselho para os Leigos, Cardeal Stanislaw Rylko, enviou na quarta-feira, 18, uma carta ao presidente da CNBB, Cardeal Raymundo Damasceno Assis, em que agradece o trabalho desenvolvido pela Confer\u00eancia na prepara\u00e7\u00e3o e realiza\u00e7\u00e3o da Jornada Mundial da Juventude Rio 2013.<\/p>\n<p>\u0093Ficamos muito tocados pelos in\u00fameros testemunhos que nos chegaram a respeito da peregrina\u00e7\u00e3o dos s\u00edmbolos da Jornada pelo imenso territ\u00f3rio brasileiro. Em cada edi\u00e7\u00e3o do Bote F\u00e9 a cruz peregrina ia preparando o solo da Terra de Santa Cruz para a fecunda semeadura que com certeza produzir\u00e1 frutos para o Brasil e para o mundo.\u0094<\/p>\n<p>Na carta, o Cardeal ainda agradece a todos os que se empenharam para o bom \u00eaxito da Jornada, de modo particular a Dom Leonardo Steiner, Secret\u00e1rio-Geral da CNBB, bem como a Dom Eduardo Pinheiro, Pe. Carlos S\u00e1vio e Pe. Antonio do Prado, \u0093que com tanto afinco se dedicam \u00e0 pastoral juvenil\u0094.<\/p>\n<p>Card. Rylko cita tamb\u00e9m a visita a Aparecida, como \u0093um marco important\u00edssimo, a partir do qual, em tudo o que se seguiu pudemos nos sentir amparados e envolvidos pela materna intercess\u00e3o da Virgem Padroeira do Brasil\u0094.<\/p>\n<p>Por fim, o Cardeal faz votos \u0093para que a semeadura evang\u00e9lica realizada nos \u00faltimos dois anos e nos inesquec\u00edveis dias da JMJ Rio 2013 produza abundantes frutos de maturidade crist\u00e3 na vida de tantos jovens\u0094.<\/p>\n<p><strong>Fonte: R\u00e1dio Vaticano<br \/>Local: <\/strong>Cidade do Vaticano<\/p>\n","protected":false},"excerpt":{"rendered":"<p>O Presidente do Pontif\u00edcio Conselho para os Leigos, Cardeal Stanislaw Rylko, enviou na quarta-feira, 18, uma carta ao presidente da CNBB, Cardeal Raymundo Damasceno Assis, em que agradece o trabalho desenvolvido pela Confer\u00eancia na prepara\u00e7\u00e3o e realiza\u00e7\u00e3o da Jornada Mundial da Juventude Rio 2013. \u0093Ficamos muito tocados pelos in\u00fameros testemunhos que nos chegaram a respeito [&hellip;]<\/p>\n","protected":false},"author":1,"featured_media":0,"comment_status":"closed","ping_status":"closed","sticky":false,"template":"","format":"standard","meta":{"footnotes":""},"categories":[3],"tags":[],"class_list":["post-2978","post","type-post","status-publish","format-standard","hentry","category-vaticano"],"_links":{"self":[{"href":"https:\/\/catolicanet.net\/wp-cnet\/wp-json\/wp\/v2\/posts\/2978","targetHints":{"allow":["GET"]}}],"collection":[{"href":"https:\/\/catolicanet.net\/wp-cnet\/wp-json\/wp\/v2\/posts"}],"about":[{"href":"https:\/\/catolicanet.net\/wp-cnet\/wp-json\/wp\/v2\/types\/post"}],"author":[{"embeddable":true,"href":"https:\/\/catolicanet.net\/wp-cnet\/wp-json\/wp\/v2\/users\/1"}],"replies":[{"embeddable":true,"href":"https:\/\/catolicanet.net\/wp-cnet\/wp-json\/wp\/v2\/comments?post=2978"}],"version-history":[{"count":1,"href":"https:\/\/catolicanet.net\/wp-cnet\/wp-json\/wp\/v2\/posts\/2978\/revisions"}],"predecessor-version":[{"id":7381,"href":"https:\/\/catolicanet.net\/wp-cnet\/wp-json\/wp\/v2\/posts\/2978\/revisions\/7381"}],"wp:attachment":[{"href":"https:\/\/catolicanet.net\/wp-cnet\/wp-json\/wp\/v2\/media?parent=2978"}],"wp:term":[{"taxonomy":"category","embeddable":true,"href":"https:\/\/catolicanet.net\/wp-cnet\/wp-json\/wp\/v2\/categories?post=2978"},{"taxonomy":"post_tag","embeddable":true,"href":"https:\/\/catolicanet.net\/wp-cnet\/wp-json\/wp\/v2\/tags?post=2978"}],"curies":[{"name":"wp","href":"https:\/\/api.w.org\/{rel}","templated":true}]}}