{"id":29761,"date":"2017-05-04T11:24:04","date_gmt":"2017-05-04T14:24:04","guid":{"rendered":"http:\/\/catolicanet.net\/wp-cnet\/2017\/05\/04\/organizacao-do-congresso-mariologico-2017-conta-com-equipe-de-estudiosos-da-puc\/"},"modified":"2017-06-08T15:30:42","modified_gmt":"2017-06-08T18:30:42","slug":"organizacao-do-congresso-mariologico-2017-conta-com-equipe-de-estudiosos-da-puc","status":"publish","type":"post","link":"https:\/\/catolicanet.net\/wp-cnet\/organizacao-do-congresso-mariologico-2017-conta-com-equipe-de-estudiosos-da-puc\/","title":{"rendered":"Organiza\u00e7\u00e3o do Congresso Mariol\u00f3gico 2017 conta com equipe de estudiosos da PUC"},"content":{"rendered":"<p style=\"text-align: justify;\"><img decoding=\"async\" src=\"http:\/\/www.catolicanet.com.br\/images\/stories\/noticias2017\/congressomariologico2017-release3.jpg\" border=\"0\" align=\"left\" \/>A hist\u00f3ria da devo\u00e7\u00e3o a Nossa Senhora Aparecida, Padroeira do Brasil, ganha neste ano de 2017 v\u00e1rios contornos. Estudiosos de todo o mundo querem focar a tem\u00e1tica cultural da hist\u00f3ria da imagem negra encontrada em 1717 nas \u00e1guas do Rio Para\u00edba do Sul.<\/p>\n<p>Isso porque sua relev\u00e2ncia para a hist\u00f3ria, a sociedade, a pol\u00edtica e o catolicismo brasileiro \u00e9 ineg\u00e1vel. Por isso a Academia Marial de Aparecida elegeu este como seu tema de discuss\u00e3o para o XI Congresso Mariol\u00f3gico.<\/p>\n<p>Dada a profundidade dos estudos da Academia, o evento ganhou este ano propor\u00e7\u00e3o internacional, e conta entre seus palestrantes, estudiosos de Mariologia como o Prefeito da Congrega\u00e7\u00e3o para a Causa dos Santos no Vaticano, Cardeal Angelo Amato.<\/p>\n<p>Uma equipe de peso tamb\u00e9m se soma \u00e0 Academia Marial na realiza\u00e7\u00e3o do congresso, que acontece entre os dias 9 e 12 de agosto: o Programa de P\u00f3s-Gradua\u00e7\u00e3o em Ci\u00eancia da Religi\u00e3o da Pontif\u00edcia Universidade Cat\u00f3lica de S\u00e3o Paulo \u2013 PUC. O evento conta com um Comit\u00ea Cient\u00edfico composto por especialistas que garantir\u00e1 a qualidade acad\u00eamica das comunica\u00e7\u00f5es e mesas redondas.<\/p>\n<p>\u201cEstamos falando de um estudo interdisciplinar sobre a devo\u00e7\u00e3o a Nossa Senhora Aparecida. S\u00e3o 300 anos da devo\u00e7\u00e3o e uma oportunidade \u00fanica para reunir pesquisadores que se dedicam ao estudo das devo\u00e7\u00f5es populares no Brasil, e em especial, neste caso, da devo\u00e7\u00e3o \u00e0 Padroeira do Brasil\u201d, explica do diretor da Academia Marial, Mission\u00e1rio Redentorista Padre Valdivino Guimar\u00e3es.<\/p>\n<p>Segundo ele, a Academia tem acumulado reflex\u00e3o e conhecimento sobre a devo\u00e7\u00e3o e tem-se no Congresso a oportunidade para resgatar, agregar e avan\u00e7ar os estudos sobre a devo\u00e7\u00e3o mariana no Brasil, e desta forma, suas contribui\u00e7\u00f5es para esta devo\u00e7\u00e3o em todo o mundo.<\/p>\n<p>O Congresso ser\u00e1 composto fundamentalmente por confer\u00eancias plen\u00e1rias sobre grandes temas, mesas redondas de debates constitu\u00eddas por especialistas em religiosidade popular e sess\u00f5es de comunica\u00e7\u00f5es abertas a estudantes e pesquisadores.<\/p>\n<p>S\u00e3o considerados nesta edi\u00e7\u00e3o do evento, 5 diferentes enfoques tem\u00e1ticos: Abordagens hist\u00f3ricas (mito de origem da devo\u00e7\u00e3o, balan\u00e7o sobre os documentos hist\u00f3ricos, descri\u00e7\u00e3o do desenvolvimento hist\u00f3rico da devo\u00e7\u00e3o), Abordagem s\u00f3cio-pastoral (a devo\u00e7\u00e3o no contexto do catolicismo popular brasileiro, a chegada dos redentoristas a Aparecida, a nacionaliza\u00e7\u00e3o da devo\u00e7\u00e3o, as mariologias populares, os impactos do Vaticano II, estudos comparados com outras devo\u00e7\u00f5es brasileiras), Abordagem teol\u00f3gica (ancoragem mariol\u00f3gica da devo\u00e7\u00e3o, leituras teol\u00f3gicas j\u00e1 produzidas sobre a devo\u00e7\u00e3o, crit\u00e9rios de discernimento da devo\u00e7\u00e3o), Abordagem est\u00e9tica (a constru\u00e7\u00e3o iconogr\u00e1fica da imagem de Aparecida, a estrutura\u00e7\u00e3o do espa\u00e7o no decorrer do tempo, as express\u00f5es art\u00edsticas nas duas Bas\u00edlicas) e a Abordagem socioecon\u00f4mica (os impactos s\u00f3cio-espaciais do Santu\u00e1rio ontem e hoje, a infraestrutura f\u00edsica, o aspecto do trabalho, o turismo religioso).<\/p>\n<p>Inscri\u00e7\u00f5es \u2013 As inscri\u00e7\u00f5es s\u00e3o limitadas, mas ainda \u00e9 poss\u00edvel participar congresso. Os interessados devem acessar o site da Academia Marial &#8211; www.A12.com\/academia ou pelo email &#8211; academia@santuarionacional.com<\/p>\n<p style=\"text-align: justify;\">\u00a0<\/p>\n<p style=\"text-align: justify;\">Fonte: Santu\u00e1rio Nacional<\/p>\n","protected":false},"excerpt":{"rendered":"<p>A hist\u00f3ria da devo\u00e7\u00e3o a Nossa Senhora Aparecida, Padroeira do Brasil, ganha neste ano de 2017 v\u00e1rios contornos. Estudiosos de todo o mundo querem focar a tem\u00e1tica cultural da hist\u00f3ria da imagem negra encontrada em 1717 nas \u00e1guas do Rio Para\u00edba do Sul. Isso porque sua relev\u00e2ncia para a hist\u00f3ria, a sociedade, a pol\u00edtica e [&hellip;]<\/p>\n","protected":false},"author":1,"featured_media":29760,"comment_status":"open","ping_status":"open","sticky":false,"template":"","format":"standard","meta":{"footnotes":""},"categories":[4],"tags":[],"class_list":["post-29761","post","type-post","status-publish","format-standard","has-post-thumbnail","hentry","category-cotidiano"],"_links":{"self":[{"href":"https:\/\/catolicanet.net\/wp-cnet\/wp-json\/wp\/v2\/posts\/29761","targetHints":{"allow":["GET"]}}],"collection":[{"href":"https:\/\/catolicanet.net\/wp-cnet\/wp-json\/wp\/v2\/posts"}],"about":[{"href":"https:\/\/catolicanet.net\/wp-cnet\/wp-json\/wp\/v2\/types\/post"}],"author":[{"embeddable":true,"href":"https:\/\/catolicanet.net\/wp-cnet\/wp-json\/wp\/v2\/users\/1"}],"replies":[{"embeddable":true,"href":"https:\/\/catolicanet.net\/wp-cnet\/wp-json\/wp\/v2\/comments?post=29761"}],"version-history":[{"count":1,"href":"https:\/\/catolicanet.net\/wp-cnet\/wp-json\/wp\/v2\/posts\/29761\/revisions"}],"predecessor-version":[{"id":30856,"href":"https:\/\/catolicanet.net\/wp-cnet\/wp-json\/wp\/v2\/posts\/29761\/revisions\/30856"}],"wp:featuredmedia":[{"embeddable":true,"href":"https:\/\/catolicanet.net\/wp-cnet\/wp-json\/wp\/v2\/media\/29760"}],"wp:attachment":[{"href":"https:\/\/catolicanet.net\/wp-cnet\/wp-json\/wp\/v2\/media?parent=29761"}],"wp:term":[{"taxonomy":"category","embeddable":true,"href":"https:\/\/catolicanet.net\/wp-cnet\/wp-json\/wp\/v2\/categories?post=29761"},{"taxonomy":"post_tag","embeddable":true,"href":"https:\/\/catolicanet.net\/wp-cnet\/wp-json\/wp\/v2\/tags?post=29761"}],"curies":[{"name":"wp","href":"https:\/\/api.w.org\/{rel}","templated":true}]}}