{"id":29750,"date":"2017-05-03T16:45:36","date_gmt":"2017-05-03T19:45:36","guid":{"rendered":"http:\/\/catolicanet.net\/wp-cnet\/2017\/05\/03\/padres-realizam-encontro-de-estudo-e-convivencia-por-faixas-etarias\/"},"modified":"2017-06-08T15:35:18","modified_gmt":"2017-06-08T18:35:18","slug":"padres-realizam-encontro-de-estudo-e-convivencia-por-faixas-etarias","status":"publish","type":"post","link":"https:\/\/catolicanet.net\/wp-cnet\/padres-realizam-encontro-de-estudo-e-convivencia-por-faixas-etarias\/","title":{"rendered":"Padres realizam encontro de estudo e conviv\u00eancia por faixas et\u00e1rias"},"content":{"rendered":"<p style=\"text-align: justify;\"><img decoding=\"async\" src=\"http:\/\/www.catolicanet.com.br\/images\/stories\/padres\/padresrs-2400x1524_c.jpg\" border=\"0\" align=\"left\" \/>Desde segunda-feira, 26 de abril, ocorreu, na Casa Tiber\u00edades, em Cidreira, o encontro dos presb\u00edteros ordenados entre 2001 e 2005 e de 2006 a 2011 na Arquidiocese de Porto Alegre. Os dois grupos, divididos por faixas et\u00e1rias, se reuniram para rezar, estudar e conviver.<\/p>\n<p>O encontro encerrou-se nesta quarta-feira, 28 de abril. e foi assessorado pelo bispo auxiliar de Porto Alegre e referencial para o Vicariato Episcopal de Gua\u00edba, Dom Adilson Pedro Busin. Essas atividades fizeram parte do Projeto de Forma\u00e7\u00e3o Permanente da Pastoral Presbiteral da Arquidiocese de Porto Alegre.<\/p>\n<p style=\"text-align: justify;\">\u00a0<\/p>\n<p style=\"text-align: justify;\">Fonte: CNBB<\/p>\n","protected":false},"excerpt":{"rendered":"<p>Desde segunda-feira, 26 de abril, ocorreu, na Casa Tiber\u00edades, em Cidreira, o encontro dos presb\u00edteros ordenados entre 2001 e 2005 e de 2006 a 2011 na Arquidiocese de Porto Alegre. Os dois grupos, divididos por faixas et\u00e1rias, se reuniram para rezar, estudar e conviver. O encontro encerrou-se nesta quarta-feira, 28 de abril. e foi assessorado [&hellip;]<\/p>\n","protected":false},"author":1,"featured_media":29749,"comment_status":"open","ping_status":"open","sticky":false,"template":"","format":"standard","meta":{"footnotes":""},"categories":[7],"tags":[],"class_list":["post-29750","post","type-post","status-publish","format-standard","has-post-thumbnail","hentry","category-cnbb"],"_links":{"self":[{"href":"https:\/\/catolicanet.net\/wp-cnet\/wp-json\/wp\/v2\/posts\/29750","targetHints":{"allow":["GET"]}}],"collection":[{"href":"https:\/\/catolicanet.net\/wp-cnet\/wp-json\/wp\/v2\/posts"}],"about":[{"href":"https:\/\/catolicanet.net\/wp-cnet\/wp-json\/wp\/v2\/types\/post"}],"author":[{"embeddable":true,"href":"https:\/\/catolicanet.net\/wp-cnet\/wp-json\/wp\/v2\/users\/1"}],"replies":[{"embeddable":true,"href":"https:\/\/catolicanet.net\/wp-cnet\/wp-json\/wp\/v2\/comments?post=29750"}],"version-history":[{"count":1,"href":"https:\/\/catolicanet.net\/wp-cnet\/wp-json\/wp\/v2\/posts\/29750\/revisions"}],"predecessor-version":[{"id":30862,"href":"https:\/\/catolicanet.net\/wp-cnet\/wp-json\/wp\/v2\/posts\/29750\/revisions\/30862"}],"wp:featuredmedia":[{"embeddable":true,"href":"https:\/\/catolicanet.net\/wp-cnet\/wp-json\/wp\/v2\/media\/29749"}],"wp:attachment":[{"href":"https:\/\/catolicanet.net\/wp-cnet\/wp-json\/wp\/v2\/media?parent=29750"}],"wp:term":[{"taxonomy":"category","embeddable":true,"href":"https:\/\/catolicanet.net\/wp-cnet\/wp-json\/wp\/v2\/categories?post=29750"},{"taxonomy":"post_tag","embeddable":true,"href":"https:\/\/catolicanet.net\/wp-cnet\/wp-json\/wp\/v2\/tags?post=29750"}],"curies":[{"name":"wp","href":"https:\/\/api.w.org\/{rel}","templated":true}]}}