{"id":29748,"date":"2017-05-03T16:33:48","date_gmt":"2017-05-03T19:33:48","guid":{"rendered":"http:\/\/catolicanet.net\/wp-cnet\/2017\/05\/03\/tubarao-sc-sedia-reuniao-da-equipe-da-24o-romaria-da-terra-e-das-aguas\/"},"modified":"2017-06-08T15:36:17","modified_gmt":"2017-06-08T18:36:17","slug":"tubarao-sc-sedia-reuniao-da-equipe-da-24o-romaria-da-terra-e-das-aguas","status":"publish","type":"post","link":"https:\/\/catolicanet.net\/wp-cnet\/tubarao-sc-sedia-reuniao-da-equipe-da-24o-romaria-da-terra-e-das-aguas\/","title":{"rendered":"Tubar\u00e3o (SC) sedia reuni\u00e3o da equipe da 24\u00aa Romaria da Terra e das \u00c1guas"},"content":{"rendered":"<p style=\"text-align: justify;\"><img decoding=\"async\" src=\"http:\/\/www.catolicanet.com.br\/images\/stories\/noticias2017\/romaria-2400x1524_c.jpg\" border=\"0\" align=\"left\" \/>Dentre os v\u00e1rios assuntos tratados na reuni\u00e3o, a programa\u00e7\u00e3o e log\u00edstica do evento ganhou destaque.<\/p>\n<p>A comiss\u00e3o organizadora da 24\u00aa Romaria da Terra e das \u00c1guas esteve reunida na manh\u00e3 desta quinta-feira, 20 de abril, na cidade de Tubar\u00e3o (SC), em mais um encontro de articula\u00e7\u00e3o para a realiza\u00e7\u00e3o do evento. Esta edi\u00e7\u00e3o da Romaria, que trabalhar\u00e1 a tem\u00e1tica \u201cMata Atl\u00e2ntica, nossa Casa Comum\u201d, acontecer\u00e1 no dia 10 de setembro de 2017 no CTG do Tio Preto, munic\u00edpio de Pescaria Brava (SC).<\/p>\n<p>Dentre os v\u00e1rios assuntos tratados na reuni\u00e3o, a programa\u00e7\u00e3o e log\u00edstica do evento ganhou destaque. Segundo padre Lino Brunel, coordenador de pastoral da Diocese de Tubar\u00e3o, o momento \u00e9 de come\u00e7ar a trabalhar a parte pr\u00e1tica em prepara\u00e7\u00e3o para receber os romeiros que vir\u00e3o de todo o estado de Santa Catarina. \u2018At\u00e9 o momento, preparamos o material formativo, com destaque para o lan\u00e7amento do cartaz e do texto-base que j\u00e1 est\u00e1 dispon\u00edvel em todas as Dioceses do estado. Agora estamos distribuindo as atividades e formando grupos de a\u00e7\u00e3o para que tudo aconte\u00e7a da melhor forma poss\u00edvel\u2019, destacou.<\/p>\n<p>O texto-base em prepara\u00e7\u00e3o a 24\u00aa Romaria da Terra e das \u00c1guas foi dividido em onze cap\u00edtulos relacionados \u00e0 realidade ecol\u00f3gica do estado de Santa Catarina e do Brasil.<\/p>\n<p style=\"text-align: justify;\">\u00a0<\/p>\n<p style=\"text-align: justify;\">Fonte: CNBB<\/p>\n","protected":false},"excerpt":{"rendered":"<p>Dentre os v\u00e1rios assuntos tratados na reuni\u00e3o, a programa\u00e7\u00e3o e log\u00edstica do evento ganhou destaque. A comiss\u00e3o organizadora da 24\u00aa Romaria da Terra e das \u00c1guas esteve reunida na manh\u00e3 desta quinta-feira, 20 de abril, na cidade de Tubar\u00e3o (SC), em mais um encontro de articula\u00e7\u00e3o para a realiza\u00e7\u00e3o do evento. Esta edi\u00e7\u00e3o da Romaria, [&hellip;]<\/p>\n","protected":false},"author":1,"featured_media":29747,"comment_status":"open","ping_status":"open","sticky":false,"template":"","format":"standard","meta":{"footnotes":""},"categories":[7],"tags":[],"class_list":["post-29748","post","type-post","status-publish","format-standard","has-post-thumbnail","hentry","category-cnbb"],"_links":{"self":[{"href":"https:\/\/catolicanet.net\/wp-cnet\/wp-json\/wp\/v2\/posts\/29748","targetHints":{"allow":["GET"]}}],"collection":[{"href":"https:\/\/catolicanet.net\/wp-cnet\/wp-json\/wp\/v2\/posts"}],"about":[{"href":"https:\/\/catolicanet.net\/wp-cnet\/wp-json\/wp\/v2\/types\/post"}],"author":[{"embeddable":true,"href":"https:\/\/catolicanet.net\/wp-cnet\/wp-json\/wp\/v2\/users\/1"}],"replies":[{"embeddable":true,"href":"https:\/\/catolicanet.net\/wp-cnet\/wp-json\/wp\/v2\/comments?post=29748"}],"version-history":[{"count":1,"href":"https:\/\/catolicanet.net\/wp-cnet\/wp-json\/wp\/v2\/posts\/29748\/revisions"}],"predecessor-version":[{"id":30863,"href":"https:\/\/catolicanet.net\/wp-cnet\/wp-json\/wp\/v2\/posts\/29748\/revisions\/30863"}],"wp:featuredmedia":[{"embeddable":true,"href":"https:\/\/catolicanet.net\/wp-cnet\/wp-json\/wp\/v2\/media\/29747"}],"wp:attachment":[{"href":"https:\/\/catolicanet.net\/wp-cnet\/wp-json\/wp\/v2\/media?parent=29748"}],"wp:term":[{"taxonomy":"category","embeddable":true,"href":"https:\/\/catolicanet.net\/wp-cnet\/wp-json\/wp\/v2\/categories?post=29748"},{"taxonomy":"post_tag","embeddable":true,"href":"https:\/\/catolicanet.net\/wp-cnet\/wp-json\/wp\/v2\/tags?post=29748"}],"curies":[{"name":"wp","href":"https:\/\/api.w.org\/{rel}","templated":true}]}}