{"id":29746,"date":"2017-05-03T16:27:54","date_gmt":"2017-05-03T19:27:54","guid":{"rendered":"http:\/\/catolicanet.net\/wp-cnet\/2017\/05\/03\/dom-fisichella-com-jubileu-papa-deu-forte-impulso-a-vida-da-igreja\/"},"modified":"2017-06-08T15:36:42","modified_gmt":"2017-06-08T18:36:42","slug":"dom-fisichella-com-jubileu-papa-deu-forte-impulso-a-vida-da-igreja","status":"publish","type":"post","link":"https:\/\/catolicanet.net\/wp-cnet\/dom-fisichella-com-jubileu-papa-deu-forte-impulso-a-vida-da-igreja\/","title":{"rendered":"Dom Fisichella: com Jubileu, Papa deu forte impulso \u00e0 vida da Igreja"},"content":{"rendered":"<p style=\"text-align: justify;\"><img decoding=\"async\" src=\"http:\/\/www.catolicanet.com.br\/images\/stories\/noticias2017\/ansa1114025_articolo.jpg\" border=\"0\" align=\"left\" \/>Cidade do Vaticano (RV) &#8211; Com a convoca\u00e7\u00e3o do Jubileu, \u201co Papa Francisco deu um forte impulso \u00e0 vida de toda a Igreja\u201d. Essa \u00e9 a convic\u00e7\u00e3o do presidente do Pontif\u00edcio Conselho para a Promo\u00e7\u00e3o da Nova Evangeliza\u00e7\u00e3o, Dom Rino Fisichella, expressa numa \u201clectio\u201d esta quarta-feira (03\/05) na Universidade dos Estudos (Link Campus Universidade) de Roma.<\/p>\n<p>O arcebispo citou as palavras conclusivas da bula \u201cMisericordiae vultus\u201d com a qual o Papa Francisco convocou o Jubileu:<\/p>\n<p>\u201cNeste Ano Jubilar, que a Igreja se fa\u00e7a eco da Palavra de Deus que ressoa, forte e convincente, como uma palavra e um gesto de perd\u00e3o, apoio, ajuda, amor. Que ela nunca se canse de oferecer miseric\u00f3rdia e seja sempre paciente a confortar e perdoar. Que a Igreja se fa\u00e7a voz de cada homem e mulher e repita com confian\u00e7a e sem cessar: \u00ab\u2005Lembra-te, Senhor, da tua miseric\u00f3rdia e do teu amor, pois eles existem desde sempre\u2005\u00bb.\u201d<\/p>\n<p>\u201cEste Jubileu n\u00e3o tem um particular prazo de validade ao qual referir-se\u201d, recordou o prelado: \u201cFoi realmente \u2018extraordin\u00e1rio\u2019 porque se colocou fora de todo e qualquer circuito temporal e hist\u00f3rico para provocar a viver a pr\u00f3pria ess\u00eancia da Revela\u00e7\u00e3o de Deus\u201d.<\/p>\n<p>De fato, acrescentou, a miseric\u00f3rdia \u201cn\u00e3o \u00e9 uma ideia abstrata, mas uma realidade concreta com a qual Deus revela o seu amor. O rosto de Cristo torna-se o emblema da prega\u00e7\u00e3o da Igreja e a credibilidade dela no mundo contempor\u00e2neo est\u00e1 propriamente nesse testemunho\u201d.<\/p>\n<p>Segundo o presidente do dicast\u00e9rio vaticano para a nova evangeliza\u00e7\u00e3o \u201co Papa Francisco permitiu que neste Jubileu as obras de miseric\u00f3rdia corporal e espiritual fossem redescobertas na prega\u00e7\u00e3o e na vida di\u00e1ria:<\/p>\n<p>\u201cElas foram durante s\u00e9culos o patrim\u00f4nio da vida da Igreja, mas, infelizmente, foram esquecidas. Certamente os crist\u00e3os sempre viveram tamb\u00e9m inconscientemente de tais obras. Este foi o tempo para redescobri-las e reviv\u00ea-las num contexto cultural profundamente transformado e com novos rostos de pobreza e de viol\u00eancia.\u201d<\/p>\n<p style=\"text-align: justify;\">\u00a0<\/p>\n<p style=\"text-align: justify;\">Fonte: R\u00e1dio Vaticano<\/p>\n","protected":false},"excerpt":{"rendered":"<p>Cidade do Vaticano (RV) &#8211; Com a convoca\u00e7\u00e3o do Jubileu, \u201co Papa Francisco deu um forte impulso \u00e0 vida de toda a Igreja\u201d. Essa \u00e9 a convic\u00e7\u00e3o do presidente do Pontif\u00edcio Conselho para a Promo\u00e7\u00e3o da Nova Evangeliza\u00e7\u00e3o, Dom Rino Fisichella, expressa numa \u201clectio\u201d esta quarta-feira (03\/05) na Universidade dos Estudos (Link Campus Universidade) de [&hellip;]<\/p>\n","protected":false},"author":1,"featured_media":29745,"comment_status":"open","ping_status":"open","sticky":false,"template":"","format":"standard","meta":{"footnotes":""},"categories":[3],"tags":[],"class_list":["post-29746","post","type-post","status-publish","format-standard","has-post-thumbnail","hentry","category-vaticano"],"_links":{"self":[{"href":"https:\/\/catolicanet.net\/wp-cnet\/wp-json\/wp\/v2\/posts\/29746","targetHints":{"allow":["GET"]}}],"collection":[{"href":"https:\/\/catolicanet.net\/wp-cnet\/wp-json\/wp\/v2\/posts"}],"about":[{"href":"https:\/\/catolicanet.net\/wp-cnet\/wp-json\/wp\/v2\/types\/post"}],"author":[{"embeddable":true,"href":"https:\/\/catolicanet.net\/wp-cnet\/wp-json\/wp\/v2\/users\/1"}],"replies":[{"embeddable":true,"href":"https:\/\/catolicanet.net\/wp-cnet\/wp-json\/wp\/v2\/comments?post=29746"}],"version-history":[{"count":1,"href":"https:\/\/catolicanet.net\/wp-cnet\/wp-json\/wp\/v2\/posts\/29746\/revisions"}],"predecessor-version":[{"id":30864,"href":"https:\/\/catolicanet.net\/wp-cnet\/wp-json\/wp\/v2\/posts\/29746\/revisions\/30864"}],"wp:featuredmedia":[{"embeddable":true,"href":"https:\/\/catolicanet.net\/wp-cnet\/wp-json\/wp\/v2\/media\/29745"}],"wp:attachment":[{"href":"https:\/\/catolicanet.net\/wp-cnet\/wp-json\/wp\/v2\/media?parent=29746"}],"wp:term":[{"taxonomy":"category","embeddable":true,"href":"https:\/\/catolicanet.net\/wp-cnet\/wp-json\/wp\/v2\/categories?post=29746"},{"taxonomy":"post_tag","embeddable":true,"href":"https:\/\/catolicanet.net\/wp-cnet\/wp-json\/wp\/v2\/tags?post=29746"}],"curies":[{"name":"wp","href":"https:\/\/api.w.org\/{rel}","templated":true}]}}