{"id":29740,"date":"2017-05-03T14:55:26","date_gmt":"2017-05-03T17:55:26","guid":{"rendered":"http:\/\/catolicanet.net\/wp-cnet\/2017\/05\/03\/leigos-e-leigas-sao-chamados-pelo-batismo-ao-ministerio-da-palavra-lembrou-dom-bucciol\/"},"modified":"2017-06-08T15:38:22","modified_gmt":"2017-06-08T18:38:22","slug":"leigos-e-leigas-sao-chamados-pelo-batismo-ao-ministerio-da-palavra-lembrou-dom-bucciol","status":"publish","type":"post","link":"https:\/\/catolicanet.net\/wp-cnet\/leigos-e-leigas-sao-chamados-pelo-batismo-ao-ministerio-da-palavra-lembrou-dom-bucciol\/","title":{"rendered":"\u201cLeigos e leigas s\u00e3o chamados pelo batismo ao Minist\u00e9rio da Palavra\u201d, lembrou dom Bucciol"},"content":{"rendered":"<p style=\"text-align: justify;\"><img decoding=\"async\" src=\"http:\/\/www.catolicanet.com.br\/images\/stories\/noticias2017\/bucciol-2400x1524_c.jpg\" border=\"0\" align=\"left\" \/>Na Coletiva de Imprensa da Assembleia Geral da CNBB, do dia 02 de maio, o bispo de Livramento de Nossa Senhora (BA), dom Armando Bucciol, abordou o tema: Minist\u00e9rio da Palavra. A unidade da Igreja acontece ao redor de Jesus Cristo que \u00e9 a Palavra Vida, a Palavra do Pai que se fez carne e veio morar entre n\u00f3s.<\/p>\n<p>Inicialmente, dom Armando Bucciol lembrou o Movimento B\u00edblico que teve como ponto de chegada o Conc\u00edlio Ecum\u00eanico Vaticano II (1962-1965). A partir da\u00ed se deu o ponto de partida para uma tomada de consci\u00eancia da centralidade da Palavra de Deus. \u201cA Palavra \u00e9 o elo de unidade de todos os crist\u00e3os e tamb\u00e9m parte do povo hebreu.\u00a0 Jesus Cristo \u00e9 a Palavra e o referencial e fundamento de nossa f\u00e9\u201d, lembrou.<\/p>\n<p>Outra palavra usada com frequ\u00eancia no vocabul\u00e1rio da Igreja \u00e9 a palavra \u2018minist\u00e9rio\u2019 que significa servi\u00e7o. A Igreja \u00e9 chamada a ser toda ministerial. Na Igreja, a partir da inspira\u00e7\u00e3o b\u00edblica, se percebe os minist\u00e9rios doados a todos os membros. \u201cA palavra precisa ser anunciada a todos os seus filhos e filhas e que seja anunciada com maior compet\u00eancia e abund\u00e2ncia\u201d, frisou.<\/p>\n<p>Documento sobre o Minist\u00e9rio da Palavra<\/p>\n<p style=\"text-align: justify;\">Para que a Palavra chegue a todas as comunidades com compet\u00eancia, abund\u00e2ncia e efic\u00e1cia os bispos, durante a 55\u00aa Assembleia Geral, est\u00e3o discutindo e ser\u00e1 apresentado um documento sobre o \u2018Minist\u00e9rio da Palavra\u2019. \u201cNa hist\u00f3ria da Igreja no Brasil n\u00e3o \u00e9 uma novidade leigos e leigas no exerc\u00edcio da Palavra, mas o documento \u00e9 um relan\u00e7ar e investir sempre mais para que esta Palavra alcance sempre mais os filhos e filhas da Igreja\u201d, explicou.<\/p>\n<p>Atualmente, cerca de 70% das comunidades da Igreja do Brasil n\u00e3o tem o ministro ordenado para presidir a Eucaristia. \u201cCom isso descobrimos que Cristo se torna presente de uma maneira forte e \u00fanica em sua Palavra. Ao anunciar a Palavra \u00e9 Cristo que continua anunciando aos homens e mulheres do nosso tempo\u201d, frisou.<\/p>\n<p>O desejo do episcopado brasileiro \u00e9 preparar os leigos para assumirem mais os minist\u00e9rios e fecundar as comunidades crist\u00e3. \u201cN\u00e3o \u00e9 um sonho, mas uma realidade a ser potenciada, pois o documento trar\u00e1 uma atualiza\u00e7\u00e3o necess\u00e1ria ao reafirmar e incentivar este minist\u00e9rio\u201d, destacou.<\/p>\n<p>Perfil do Ministro da Palavra<\/p>\n<p style=\"text-align: justify;\">O documento insiste no investimento na forma\u00e7\u00e3o devido a necessidade do grande n\u00famero de comunidades que s\u00e3o atendidas por leigos e leigas. Quanto ao perfil do ministro, respondeu dom Bucciol, \u201cque seja um leigo ou leiga que participa da vida da Igreja e uma pessoa que ama Cristo, a Palavra e a comunidade. Que tenha uma idade maior e fa\u00e7a um percurso de forma\u00e7\u00e3o. N\u00e3o basta um conhecimento superficial para poder partilhar como pregador. \u00c9 necess\u00e1rio ter uma suficiente inicia\u00e7\u00e3o aos Estudo da Palavra\u201d, disse.<\/p>\n<p>Ainda, no documento a ser apresentado, se reafirmar\u00e1 em sintonia com a Igreja do Brasil e do mundo a for\u00e7a que os leigos e leigas tem por ter sido batizados. \u201cVoc\u00ea tem um minist\u00e9rio pr\u00f3prio a partir do batismo. Mas, infelizmente, n\u00f3s, os Ministros Ordenados, absorvemos demais muitos minist\u00e9rios. Chegou a hora do Esp\u00edrito Santo para que sejamos uma Igreja mais ministerial a partir e ao redor da Palavra de Deus\u201d, afirmou.<\/p>\n<p>Por fim, dom Armando Bucciol, lembrou o pedido do Papa Francisco num encontro recente com a Presid\u00eancia da CNBB. \u201cPediu que a Igreja do Brasil desenvolva e se torne um modelo para a Igreja Universal atrav\u00e9s dos leigos e leigas como Ministros da Palavra, chamados a partir do batismo a exercerem este minist\u00e9rio\u201d, concluiu.<\/p>\n<p>Por Judinei Vanzeto \u2013 Assessoria de Imprensa \u2013 Regional Sul 3 da CNBB<\/p>\n<p style=\"text-align: justify;\">\u00a0<\/p>\n<p style=\"text-align: justify;\">Fonte: CNBB<\/p>\n","protected":false},"excerpt":{"rendered":"<p>Na Coletiva de Imprensa da Assembleia Geral da CNBB, do dia 02 de maio, o bispo de Livramento de Nossa Senhora (BA), dom Armando Bucciol, abordou o tema: Minist\u00e9rio da Palavra. A unidade da Igreja acontece ao redor de Jesus Cristo que \u00e9 a Palavra Vida, a Palavra do Pai que se fez carne e [&hellip;]<\/p>\n","protected":false},"author":1,"featured_media":29739,"comment_status":"open","ping_status":"open","sticky":false,"template":"","format":"standard","meta":{"footnotes":""},"categories":[7],"tags":[],"class_list":["post-29740","post","type-post","status-publish","format-standard","has-post-thumbnail","hentry","category-cnbb"],"_links":{"self":[{"href":"https:\/\/catolicanet.net\/wp-cnet\/wp-json\/wp\/v2\/posts\/29740","targetHints":{"allow":["GET"]}}],"collection":[{"href":"https:\/\/catolicanet.net\/wp-cnet\/wp-json\/wp\/v2\/posts"}],"about":[{"href":"https:\/\/catolicanet.net\/wp-cnet\/wp-json\/wp\/v2\/types\/post"}],"author":[{"embeddable":true,"href":"https:\/\/catolicanet.net\/wp-cnet\/wp-json\/wp\/v2\/users\/1"}],"replies":[{"embeddable":true,"href":"https:\/\/catolicanet.net\/wp-cnet\/wp-json\/wp\/v2\/comments?post=29740"}],"version-history":[{"count":1,"href":"https:\/\/catolicanet.net\/wp-cnet\/wp-json\/wp\/v2\/posts\/29740\/revisions"}],"predecessor-version":[{"id":30867,"href":"https:\/\/catolicanet.net\/wp-cnet\/wp-json\/wp\/v2\/posts\/29740\/revisions\/30867"}],"wp:featuredmedia":[{"embeddable":true,"href":"https:\/\/catolicanet.net\/wp-cnet\/wp-json\/wp\/v2\/media\/29739"}],"wp:attachment":[{"href":"https:\/\/catolicanet.net\/wp-cnet\/wp-json\/wp\/v2\/media?parent=29740"}],"wp:term":[{"taxonomy":"category","embeddable":true,"href":"https:\/\/catolicanet.net\/wp-cnet\/wp-json\/wp\/v2\/categories?post=29740"},{"taxonomy":"post_tag","embeddable":true,"href":"https:\/\/catolicanet.net\/wp-cnet\/wp-json\/wp\/v2\/tags?post=29740"}],"curies":[{"name":"wp","href":"https:\/\/api.w.org\/{rel}","templated":true}]}}