{"id":29728,"date":"2017-05-02T16:48:31","date_gmt":"2017-05-02T19:48:31","guid":{"rendered":"http:\/\/catolicanet.net\/wp-cnet\/2017\/05\/02\/por-que-maio-e-o-mes-de-maria\/"},"modified":"2017-06-08T15:45:18","modified_gmt":"2017-06-08T18:45:18","slug":"por-que-maio-e-o-mes-de-maria","status":"publish","type":"post","link":"https:\/\/catolicanet.net\/wp-cnet\/por-que-maio-e-o-mes-de-maria\/","title":{"rendered":"Por que maio \u00e9 o M\u00eas de Maria?"},"content":{"rendered":"<p style=\"text-align: justify;\"><img decoding=\"async\" src=\"http:\/\/www.catolicanet.com.br\/images\/stories\/noticias2017\/virgenmaria.jpg\" border=\"0\" align=\"left\" \/>REDA\u00c7\u00c3O CENTRAL, 02 Mai. 17 \/ 09:20 am (ACI).- Durante v\u00e1rios s\u00e9culos a Igreja Cat\u00f3lica dedicou todo o m\u00eas de maio para honrar a Virgem Maria, M\u00e3e de Deus. A seguir, explicamos o porqu\u00ea.<\/p>\n<p>A tradi\u00e7\u00e3o surgiu na antiga Gr\u00e9cia. O m\u00eas de maio era dedicado a Artemisa, deusa da fecundidade. Algo semelhante ocorreu na antiga Roma, pois maio era dedicado a Flora, deusa da vegeta\u00e7\u00e3o. Naquela \u00e9poca, celebravam os \u2018ludi florals\u2019 (jogos florais) no fim do m\u00eas de abril e pediam sua intercess\u00e3o.<\/p>\n<p>Na \u00e9poca medieval abundaram costumes similares, tudo centrado na chegada do bom clima e o afastamento do inverno. O dia 1\u00ba de maio era considerado como o apogeu da primavera.<\/p>\n<p>Durante este per\u00edodo, antes do s\u00e9culo XII, entrou em vigor a tradi\u00e7\u00e3o de Tricesimum ou \u201cA devo\u00e7\u00e3o de trinta dias \u00e0 Maria\u201d. Estas celebra\u00e7\u00f5es aconteciam do dia 15 de agosto a 14 de setembro e ainda s\u00e3o comemoradas em alguns lugares.<\/p>\n<p>A ideia de um m\u00eas dedicado especificamente a Maria remonta aos tempos barrocos \u2013 s\u00e9culo XVII. Apesar de nem sempre ter sido celebrado em maio, o m\u00eas de Maria inclu\u00eda trinta exerc\u00edcios espirituais di\u00e1rios em homenagem \u00e0 M\u00e3e de Deus.<\/p>\n<p>Foi nesta \u00e9poca que o m\u00eas de maio e de Maria combinaram, fazendo com que esta celebra\u00e7\u00e3o conte com devo\u00e7\u00f5es especiais organizadas cada dia durante todo o m\u00eas. Este costume durou, sobretudo, durante o s\u00e9culo XIX e \u00e9 praticado at\u00e9 hoje.<\/p>\n<p>As formas nas quais Maria \u00e9 honrada em maio s\u00e3o t\u00e3o variadas como as pessoas que a honram.<\/p>\n<p>As par\u00f3quias costumam rezar no m\u00eas de maio uma ora\u00e7\u00e3o di\u00e1ria do Ter\u00e7o e muitas preparam um altar especial com um quadro ou uma imagem de Maria. Al\u00e9m disso, trata-se de uma grande tradi\u00e7\u00e3o a coroa\u00e7\u00e3o de Nossa Senhora, um costume conhecido como Coroa\u00e7\u00e3o de Maio.<\/p>\n<p>Normalmente, a coroa \u00e9 feita de lindas flores que representam a beleza e a virtude de Maria e tamb\u00e9m lembra que os fi\u00e9is devem se esfor\u00e7ar para imitar suas virtudes. Em algumas regi\u00f5es, esta coroa\u00e7\u00e3o acontece em uma grande celebra\u00e7\u00e3o e, em geral, fora da Missa.<\/p>\n<p>Entretanto, os altares e coroa\u00e7\u00f5es neste m\u00eas n\u00e3o s\u00e3o apenas atividades \u201cda par\u00f3quia\u201d. Mas, o mesmo pode e deve ser feito nos lares, com o objetivo de participar mais plenamente na vida da Igreja.<\/p>\n<p>Deve-se separar um lugar especial para Maria, n\u00e3o por ser uma tradi\u00e7\u00e3o comemorada h\u00e1 muitos anos na Igreja ou pelas gra\u00e7as especiais que se pode alcan\u00e7ar, mas porque Maria \u00e9 nossa M\u00e3e, m\u00e3e de todo o mundo e porque se preocupa com todos n\u00f3s, intercedendo inclusive nos assuntos menores.<\/p>\n<p>Por isso, merece um m\u00eas inteiro para homenage\u00e1-la.<\/p>\n<p style=\"text-align: justify;\">\u00a0<\/p>\n<p style=\"text-align: justify;\">Fonte: Acidigital<\/p>\n","protected":false},"excerpt":{"rendered":"<p>REDA\u00c7\u00c3O CENTRAL, 02 Mai. 17 \/ 09:20 am (ACI).- Durante v\u00e1rios s\u00e9culos a Igreja Cat\u00f3lica dedicou todo o m\u00eas de maio para honrar a Virgem Maria, M\u00e3e de Deus. A seguir, explicamos o porqu\u00ea. A tradi\u00e7\u00e3o surgiu na antiga Gr\u00e9cia. O m\u00eas de maio era dedicado a Artemisa, deusa da fecundidade. Algo semelhante ocorreu na [&hellip;]<\/p>\n","protected":false},"author":1,"featured_media":17901,"comment_status":"open","ping_status":"open","sticky":false,"template":"","format":"standard","meta":{"footnotes":""},"categories":[4],"tags":[],"class_list":["post-29728","post","type-post","status-publish","format-standard","has-post-thumbnail","hentry","category-cotidiano"],"_links":{"self":[{"href":"https:\/\/catolicanet.net\/wp-cnet\/wp-json\/wp\/v2\/posts\/29728","targetHints":{"allow":["GET"]}}],"collection":[{"href":"https:\/\/catolicanet.net\/wp-cnet\/wp-json\/wp\/v2\/posts"}],"about":[{"href":"https:\/\/catolicanet.net\/wp-cnet\/wp-json\/wp\/v2\/types\/post"}],"author":[{"embeddable":true,"href":"https:\/\/catolicanet.net\/wp-cnet\/wp-json\/wp\/v2\/users\/1"}],"replies":[{"embeddable":true,"href":"https:\/\/catolicanet.net\/wp-cnet\/wp-json\/wp\/v2\/comments?post=29728"}],"version-history":[{"count":1,"href":"https:\/\/catolicanet.net\/wp-cnet\/wp-json\/wp\/v2\/posts\/29728\/revisions"}],"predecessor-version":[{"id":30873,"href":"https:\/\/catolicanet.net\/wp-cnet\/wp-json\/wp\/v2\/posts\/29728\/revisions\/30873"}],"wp:featuredmedia":[{"embeddable":true,"href":"https:\/\/catolicanet.net\/wp-cnet\/wp-json\/wp\/v2\/media\/17901"}],"wp:attachment":[{"href":"https:\/\/catolicanet.net\/wp-cnet\/wp-json\/wp\/v2\/media?parent=29728"}],"wp:term":[{"taxonomy":"category","embeddable":true,"href":"https:\/\/catolicanet.net\/wp-cnet\/wp-json\/wp\/v2\/categories?post=29728"},{"taxonomy":"post_tag","embeddable":true,"href":"https:\/\/catolicanet.net\/wp-cnet\/wp-json\/wp\/v2\/tags?post=29728"}],"curies":[{"name":"wp","href":"https:\/\/api.w.org\/{rel}","templated":true}]}}