{"id":2972,"date":"2013-09-11T17:33:56","date_gmt":"2013-09-11T20:33:56","guid":{"rendered":"http:\/\/catolicanet.net\/wp-cnet\/em-visita-a-cagliari-papa-se-encontrara-com-pobres-detentos-e-jovens\/"},"modified":"2017-03-22T15:52:40","modified_gmt":"2017-03-22T18:52:40","slug":"em-visita-a-cagliari-papa-se-encontrara-com-pobres-detentos-e-jovens","status":"publish","type":"post","link":"https:\/\/catolicanet.net\/wp-cnet\/em-visita-a-cagliari-papa-se-encontrara-com-pobres-detentos-e-jovens\/","title":{"rendered":"Em visita a Cagliari, Papa se encontrar\u00e1 com pobres, detentos e jovens"},"content":{"rendered":"<p style=\"text-align: justify;\"><img decoding=\"async\" src=\"http:\/\/catolicanet.com.br\/images\/stories\/imagem.jpg\" border=\"0\" align=\"left\" \/>A Sala de Imprensa da Santa S\u00e9 divulgou nesta quarta-feira o programa da visita que o Papa Francisco realizar\u00e1 \u00e0 cidade italiana de Cagliari, no dia 22 deste m\u00eas.<\/p>\n<p>O Santo Padre partir\u00e1 de avi\u00e3o do aeroporto de Roma Ciampino \u00e0s 7h30 e \u00e0s 8h45 j\u00e1 est\u00e1 previsto o primeiro compromisso do dia: o encontro com os trabalhadores no \u0093Largo Carlo Felice\u0094 na capital da ilha da Sardenha, durante o qual Francisco far\u00e1 um discurso. Uma hora depois, o Pont\u00edfice saudar\u00e1 as autoridades na pra\u00e7a diante do Santu\u00e1rio de Nossa Senhora da Candel\u00e1ria e os doentes dentro da Bas\u00edlica. A Santa Missa est\u00e1 prevista para as 10h30, diante da Bas\u00edlica.<\/p>\n<p>Depois do almo\u00e7o com os Bispos da Sardenha, haver\u00e1 o encontro com os pobres e o detentos na Catedral da cidade. O \u00faltimo compromisso do dia \u00e9 com os jovens, aos quais dirigir\u00e1 algumas palavras. A chegada do Papa Francisco ao Vaticano est\u00e1 programada para as 19h30.<\/p>\n<p>Na Audi\u00eancia Geral de 15 de maio, o Pont\u00edfice anunciou sua inten\u00e7\u00e3o de visitar o Santu\u00e1rio de Nossa Senhora da Candel\u00e1ria (Bonaria), que inspirou o nome de sua cidade natal, Buenos Aires.<\/p>\n<p style=\"text-align: justify;\"><strong>Fonte: R\u00e1dio Vaticano<br \/>Local:<\/strong> Cidade do Vaticano<\/p>\n","protected":false},"excerpt":{"rendered":"<p>A Sala de Imprensa da Santa S\u00e9 divulgou nesta quarta-feira o programa da visita que o Papa Francisco realizar\u00e1 \u00e0 cidade italiana de Cagliari, no dia 22 deste m\u00eas. O Santo Padre partir\u00e1 de avi\u00e3o do aeroporto de Roma Ciampino \u00e0s 7h30 e \u00e0s 8h45 j\u00e1 est\u00e1 previsto o primeiro compromisso do dia: o encontro [&hellip;]<\/p>\n","protected":false},"author":1,"featured_media":0,"comment_status":"closed","ping_status":"closed","sticky":false,"template":"","format":"standard","meta":{"footnotes":""},"categories":[3],"tags":[],"class_list":["post-2972","post","type-post","status-publish","format-standard","hentry","category-vaticano"],"_links":{"self":[{"href":"https:\/\/catolicanet.net\/wp-cnet\/wp-json\/wp\/v2\/posts\/2972","targetHints":{"allow":["GET"]}}],"collection":[{"href":"https:\/\/catolicanet.net\/wp-cnet\/wp-json\/wp\/v2\/posts"}],"about":[{"href":"https:\/\/catolicanet.net\/wp-cnet\/wp-json\/wp\/v2\/types\/post"}],"author":[{"embeddable":true,"href":"https:\/\/catolicanet.net\/wp-cnet\/wp-json\/wp\/v2\/users\/1"}],"replies":[{"embeddable":true,"href":"https:\/\/catolicanet.net\/wp-cnet\/wp-json\/wp\/v2\/comments?post=2972"}],"version-history":[{"count":1,"href":"https:\/\/catolicanet.net\/wp-cnet\/wp-json\/wp\/v2\/posts\/2972\/revisions"}],"predecessor-version":[{"id":7384,"href":"https:\/\/catolicanet.net\/wp-cnet\/wp-json\/wp\/v2\/posts\/2972\/revisions\/7384"}],"wp:attachment":[{"href":"https:\/\/catolicanet.net\/wp-cnet\/wp-json\/wp\/v2\/media?parent=2972"}],"wp:term":[{"taxonomy":"category","embeddable":true,"href":"https:\/\/catolicanet.net\/wp-cnet\/wp-json\/wp\/v2\/categories?post=2972"},{"taxonomy":"post_tag","embeddable":true,"href":"https:\/\/catolicanet.net\/wp-cnet\/wp-json\/wp\/v2\/tags?post=2972"}],"curies":[{"name":"wp","href":"https:\/\/api.w.org\/{rel}","templated":true}]}}