{"id":29719,"date":"2017-05-02T13:16:14","date_gmt":"2017-05-02T16:16:14","guid":{"rendered":"http:\/\/catolicanet.net\/wp-cnet\/2017\/05\/02\/nenhum-papa-colocou-a-amazonia-tanto-no-coracao-afirma-dom-erwin-sobre-francisco\/"},"modified":"2017-06-08T15:50:42","modified_gmt":"2017-06-08T18:50:42","slug":"nenhum-papa-colocou-a-amazonia-tanto-no-coracao-afirma-dom-erwin-sobre-francisco","status":"publish","type":"post","link":"https:\/\/catolicanet.net\/wp-cnet\/nenhum-papa-colocou-a-amazonia-tanto-no-coracao-afirma-dom-erwin-sobre-francisco\/","title":{"rendered":"\u201cNenhum papa colocou a Amaz\u00f4nia tanto no cora\u00e7\u00e3o\u201d, afirma dom Erwin sobre Francisco"},"content":{"rendered":"<p style=\"text-align: justify;\"><img decoding=\"async\" src=\"http:\/\/www.catolicanet.com.br\/images\/stories\/bispos\/dom-erwin-2400x1524_c.jpg\" border=\"0\" align=\"left\" \/>O prelado recordou em sua participa\u00e7\u00e3o na entrevista coletiva da 55\u00aa Assembleia Geral da Confer\u00eancia Nacional dos Bispos do Brasil (CNBB) o chamado \u00e0 evangeliza\u00e7\u00e3o da Amaz\u00f4nia, os desafios e exig\u00eancias relacionados \u00e0 \u00e1rea e ressaltou o apre\u00e7o do papa Francisco pelo trabalho que ali deve ser desenvolvido.<\/p>\n<p>\u201cO papa Paulo VI, j\u00e1 nos anos 1970, disse que \u2018Cristo aponta para a Amaz\u00f4nia\u2019. Mas nenhum dos papas recentes colocou a Amaz\u00f4nia tanto no cora\u00e7\u00e3o como o papa Francisco. A Amaz\u00f4nia \u00e9 para ele, por assim dizer, uma orienta\u00e7\u00e3o, um desafio e uma exig\u00eancia\u201d, disse o bispo.<\/p>\n<p>Dom Erwin citou a enc\u00edclica do papa Francisco Laudato Si\u2019 \u2013 sobre o cuidado da casa comum, que em dois par\u00e1grafos cita a Amaz\u00f4nia e os povos ind\u00edgenas. No par\u00e1grafo 38, o papa toma a floresta como um dos pulm\u00f5es do planeta, ao lado da bacia do Congo. Francisco ainda denuncia as propostas de internacionaliza\u00e7\u00e3o da regi\u00e3o \u201cque s\u00f3 servem aos interesses econ\u00f3micos das corpora\u00e7\u00f5es internacionais\u201d. Os ind\u00edgenas s\u00e3o lembrados no n\u00famero 179, quando o papa fala dos valores enraizados muito profundamente nessas popula\u00e7\u00f5es, como \u201co amor apaixonado pela pr\u00f3pria terra, tal como se pensa naquilo que se deixa aos filhos e netos\u201d.<\/p>\n<p>A carta do papa \u00e9 uma das motiva\u00e7\u00f5es para a articula\u00e7\u00e3o do trabalho realizado nos nove pa\u00edses que possuem territ\u00f3rio da floresta amaz\u00f4nica e que comp\u00f5em a chamada Pan-Amaz\u00f4nia. \u201cA rede quer e pretende fazer uma articula\u00e7\u00e3o na a\u00e7\u00e3o pastoral e evangelizadora entre os nove pa\u00edses. E tem v\u00e1rios eixos, um dos principais \u00e9 a quest\u00e3o ind\u00edgena, que perpassa todos esses pa\u00edses\u201d, conta dom Erwin, que ressalta o contexto \u201cque exige empenho dos bispos em favor desses povos\u201d.<\/p>\n<p>Diante dos constantes casos de aus\u00eancia e omiss\u00e3o do Estado, acontecem conflitos e casos de viol\u00eancia entre fazendeiros e povos ind\u00edgenas, que, em muitos casos, retomam seus territ\u00f3rios ou aguardam a demarca\u00e7\u00e3o de suas terras, conforme prev\u00ea o texto da Constitui\u00e7\u00e3o Federal de 1988. Um exemplo foi apresentado pelo bispo de Viana (MA), dom Sebasti\u00e3o Lima Duarte.<\/p>\n<p>\u201cA Rede Eclesial Pan-Amaz\u00f4nica (Repam) quer chamar a aten\u00e7\u00e3o e sensibilizar todas as igrejas para esta quest\u00e3o. Logicamente, a evangeliza\u00e7\u00e3o n\u00e3o \u00e9 uma evangeliza\u00e7\u00e3o no mundo da lua ou em lugar ass\u00e9ptico, mas a Evangeliza\u00e7\u00e3o incide sobre a realidade, as ang\u00fastias e esperan\u00e7as desses povos que vivem na Amaz\u00f4nia\u201d, afirma dom Erwin.<\/p>\n<p>Ele ainda refor\u00e7a que os brasileiros devem voltar sua aten\u00e7\u00e3o para a Amaz\u00f4nia, que \u201cat\u00e9 agora estava muito distante, especialmente aqui no Sul do pa\u00eds\u201d. Para dom Erwin, o Norte do pa\u00eds sempre foi considerado uma prov\u00edncia madeireira, atualmente energ\u00e9tica e mineradora. \u201cE a gente pensa que a Amaz\u00f4nia vive por si, mas \u00e9 um compromisso e um desafio para todo o pa\u00eds, hoje mais do que nunca\u201d, exortou.<br \/>Repam n\u00e3o \u00e9 um movimento<\/p>\n<p>Dom Erwin ainda salientou durante a sua fala aos jornalistas que a Repam n\u00e3o \u00e9 mais um movimento da Igreja mas uma rede que procura aglutinar, orientar e organizar todos os movimentos, as iniciativas e os projetos que incidem \u201csobre esta terra maravilhosa que se chama Amaz\u00f4nia\u201d.<\/p>\n<p>Desde o ano passado, informou o religioso, est\u00e3o realizados os Semin\u00e1rios \u201cLaudato Si\u2019 nos regionais da CNBB na regi\u00e3o da Amaz\u00f4nia brasileira. Os encontros acontecem para reflex\u00e3o e propostas sobre a carta enc\u00edclica e t\u00eam sido momento privilegiado para que os agentes de Pastorais e representantes de povos tradicionais te\u00e7am redes e estabele\u00e7am rela\u00e7\u00f5es, visando a transforma\u00e7\u00e3o da realidade local.<\/p>\n<p style=\"text-align: justify;\">\u00a0<\/p>\n<p style=\"text-align: justify;\"><a href=\"https:\/\/www.youtube.com\/watch?time_continue=3&#038;v=aY_2-Ur0kW4\">Clique aqui para assistir o v\u00eddeo:<\/a><\/p>\n<p style=\"text-align: justify;\">\u00a0<\/p>\n<p style=\"text-align: justify;\">Fonte: CNBB<\/p>\n","protected":false},"excerpt":{"rendered":"<p>O prelado recordou em sua participa\u00e7\u00e3o na entrevista coletiva da 55\u00aa Assembleia Geral da Confer\u00eancia Nacional dos Bispos do Brasil (CNBB) o chamado \u00e0 evangeliza\u00e7\u00e3o da Amaz\u00f4nia, os desafios e exig\u00eancias relacionados \u00e0 \u00e1rea e ressaltou o apre\u00e7o do papa Francisco pelo trabalho que ali deve ser desenvolvido. \u201cO papa Paulo VI, j\u00e1 nos anos [&hellip;]<\/p>\n","protected":false},"author":1,"featured_media":29718,"comment_status":"open","ping_status":"open","sticky":false,"template":"","format":"standard","meta":{"footnotes":""},"categories":[7],"tags":[],"class_list":["post-29719","post","type-post","status-publish","format-standard","has-post-thumbnail","hentry","category-cnbb"],"_links":{"self":[{"href":"https:\/\/catolicanet.net\/wp-cnet\/wp-json\/wp\/v2\/posts\/29719","targetHints":{"allow":["GET"]}}],"collection":[{"href":"https:\/\/catolicanet.net\/wp-cnet\/wp-json\/wp\/v2\/posts"}],"about":[{"href":"https:\/\/catolicanet.net\/wp-cnet\/wp-json\/wp\/v2\/types\/post"}],"author":[{"embeddable":true,"href":"https:\/\/catolicanet.net\/wp-cnet\/wp-json\/wp\/v2\/users\/1"}],"replies":[{"embeddable":true,"href":"https:\/\/catolicanet.net\/wp-cnet\/wp-json\/wp\/v2\/comments?post=29719"}],"version-history":[{"count":1,"href":"https:\/\/catolicanet.net\/wp-cnet\/wp-json\/wp\/v2\/posts\/29719\/revisions"}],"predecessor-version":[{"id":30878,"href":"https:\/\/catolicanet.net\/wp-cnet\/wp-json\/wp\/v2\/posts\/29719\/revisions\/30878"}],"wp:featuredmedia":[{"embeddable":true,"href":"https:\/\/catolicanet.net\/wp-cnet\/wp-json\/wp\/v2\/media\/29718"}],"wp:attachment":[{"href":"https:\/\/catolicanet.net\/wp-cnet\/wp-json\/wp\/v2\/media?parent=29719"}],"wp:term":[{"taxonomy":"category","embeddable":true,"href":"https:\/\/catolicanet.net\/wp-cnet\/wp-json\/wp\/v2\/categories?post=29719"},{"taxonomy":"post_tag","embeddable":true,"href":"https:\/\/catolicanet.net\/wp-cnet\/wp-json\/wp\/v2\/tags?post=29719"}],"curies":[{"name":"wp","href":"https:\/\/api.w.org\/{rel}","templated":true}]}}