{"id":2971,"date":"2013-09-11T17:27:27","date_gmt":"2013-09-11T20:27:27","guid":{"rendered":"http:\/\/catolicanet.net\/wp-cnet\/voluntarios-alemaes-visitam-regional-sul-3-da-cnbb\/"},"modified":"2017-03-22T15:53:01","modified_gmt":"2017-03-22T18:53:01","slug":"voluntarios-alemaes-visitam-regional-sul-3-da-cnbb","status":"publish","type":"post","link":"https:\/\/catolicanet.net\/wp-cnet\/voluntarios-alemaes-visitam-regional-sul-3-da-cnbb\/","title":{"rendered":"Volunt\u00e1rios alem\u00e3es visitam Regional Sul 3 da CNBB"},"content":{"rendered":"<p style=\"text-align: justify;\"><img decoding=\"async\" src=\"http:\/\/catolicanet.com.br\/images\/stories\/solidariedadealemanhabrasil.jpg\" border=\"0\" align=\"left\" \/>Representantes da Associa\u00e7\u00e3o de Miss\u00f5es e Ajuda ao Desenvolvimento (em alem\u00e3o Arbeitsgemeinschaft Missions &#8211; und Entwicklungshilfe e.V) que atua no envio de volunt\u00e1rios e de aux\u00edlio financeiro a diversos pa\u00edses, est\u00e1 essa semana em visita ao Brasil. O presidente da institui\u00e7\u00e3o, Roman Engelhart, e outros dois colaboradores trazem doa\u00e7\u00f5es, especialmente em roupas, recolhidas na diocese de Rottenburg-Stuttgart.<\/p>\n<p>A associa\u00e7\u00e3o envia doa\u00e7\u00f5es ao Brasil h\u00e1 cerca de 30 anos. Nessa visita ao pa\u00eds, j\u00e1 passaram Recife (PE), Paulo Afonso e Salvador (BA), Petr\u00f3polis (RJ) e Foz do Igua\u00e7u (PR). Ao chegarem ao Rio Grande do Sul, visitaram os munic\u00edpios de Novo Hamburgo, S\u00e3o Leopoldo, Passo Fundo e Get\u00falio Vargas, e tamb\u00e9m visitaram a sede do Regional Sul 3 da CNBB, em Porto Alegre.<\/p>\n<p>\u0093Quase todas as dioceses do Rio Grande do Sul receberam o repasse das roupas trazidas\u0094, comenta o ex-presidente da Associa\u00e7\u00e3o, Bruno Heiis, que integra a comitiva. Ele relata que o trabalho de angariar roupas e cal\u00e7ados em bom estado, e depois separ\u00e1-los em fardos de 100 quilos cada, \u00e9 feito por 1.500 volunt\u00e1rios. \u0093N\u00f3s nos preocupamos em agrupar as roupas de acordo com o frio ou o calor que faz no lugar que vai receber a doa\u00e7\u00e3o. Assim, para o sul do Brasil enviamos as roupas mais pesadas, e as mais leves seguem para o nordeste\u0094.<\/p>\n<p>Bruno, que visita o pa\u00eds desde 2007, relata que as mudan\u00e7a e as melhorias no pa\u00eds s\u00e3o realmente percept\u00edveis. \u0093O Brasil vive um grande momento e temos muita esperan\u00e7a que vai melhorar ainda mais. Nossa associa\u00e7\u00e3o quer ajudar as pessoas a se desenvolverem, a crescerem, mas n\u00e3o com assistencialismo\u0094, cita o ex-presidente, referindo-se ao per\u00edodo em que a institui\u00e7\u00e3o alem\u00e3 tamb\u00e9m enviava doa\u00e7\u00f5es de leite em p\u00f3 para o Brasil. Na avalia\u00e7\u00e3o dele, tal tipo de a\u00e7\u00e3o acaba n\u00e3o auxiliando da melhor maneira e resvala para o puro e simples assistencialismo da popula\u00e7\u00e3o mais carente.<\/p>\n<p>Em Get\u00falio Vargas (RS), a Associa\u00e7\u00e3o de Miss\u00f5es financiou a reforma do Lar da Menina &#8211; A\u00e7\u00e3o Social Getuliense Nossa Senhora da Salete, que atende aproximadamente 130 crian\u00e7as. Em Paulo Afonso (BA), um grupo de 12 mulheres recebe auxilio profissional para atuar no pescado de til\u00e1pia\u0094.<\/p>\n<p>A Associa\u00e7\u00e3o est\u00e1 presente na Am\u00e9rica do Sul, na \u00c1frica e no Leste Europeu. Somente em 2012, Brasil, Argentina, Chile, Uganda, Angola e Rom\u00eania receberam juntos 332 toneladas em donativos.<\/p>\n<p><strong>Fonte: CNBB<br \/>Local: <\/strong>Bras\u00edlia (DF)<\/p>\n","protected":false},"excerpt":{"rendered":"<p>Representantes da Associa\u00e7\u00e3o de Miss\u00f5es e Ajuda ao Desenvolvimento (em alem\u00e3o Arbeitsgemeinschaft Missions &#8211; und Entwicklungshilfe e.V) que atua no envio de volunt\u00e1rios e de aux\u00edlio financeiro a diversos pa\u00edses, est\u00e1 essa semana em visita ao Brasil. O presidente da institui\u00e7\u00e3o, Roman Engelhart, e outros dois colaboradores trazem doa\u00e7\u00f5es, especialmente em roupas, recolhidas na diocese [&hellip;]<\/p>\n","protected":false},"author":1,"featured_media":0,"comment_status":"closed","ping_status":"closed","sticky":false,"template":"","format":"standard","meta":{"footnotes":""},"categories":[7],"tags":[],"class_list":["post-2971","post","type-post","status-publish","format-standard","hentry","category-cnbb"],"_links":{"self":[{"href":"https:\/\/catolicanet.net\/wp-cnet\/wp-json\/wp\/v2\/posts\/2971","targetHints":{"allow":["GET"]}}],"collection":[{"href":"https:\/\/catolicanet.net\/wp-cnet\/wp-json\/wp\/v2\/posts"}],"about":[{"href":"https:\/\/catolicanet.net\/wp-cnet\/wp-json\/wp\/v2\/types\/post"}],"author":[{"embeddable":true,"href":"https:\/\/catolicanet.net\/wp-cnet\/wp-json\/wp\/v2\/users\/1"}],"replies":[{"embeddable":true,"href":"https:\/\/catolicanet.net\/wp-cnet\/wp-json\/wp\/v2\/comments?post=2971"}],"version-history":[{"count":1,"href":"https:\/\/catolicanet.net\/wp-cnet\/wp-json\/wp\/v2\/posts\/2971\/revisions"}],"predecessor-version":[{"id":7385,"href":"https:\/\/catolicanet.net\/wp-cnet\/wp-json\/wp\/v2\/posts\/2971\/revisions\/7385"}],"wp:attachment":[{"href":"https:\/\/catolicanet.net\/wp-cnet\/wp-json\/wp\/v2\/media?parent=2971"}],"wp:term":[{"taxonomy":"category","embeddable":true,"href":"https:\/\/catolicanet.net\/wp-cnet\/wp-json\/wp\/v2\/categories?post=2971"},{"taxonomy":"post_tag","embeddable":true,"href":"https:\/\/catolicanet.net\/wp-cnet\/wp-json\/wp\/v2\/tags?post=2971"}],"curies":[{"name":"wp","href":"https:\/\/api.w.org\/{rel}","templated":true}]}}