{"id":29692,"date":"2017-04-28T19:42:22","date_gmt":"2017-04-28T22:42:22","guid":{"rendered":"http:\/\/catolicanet.net\/wp-cnet\/2017\/04\/28\/papa-viaja-ao-egito-porque-nao-tem-medo-de-morrer-assegura-especialista-em-isla\/"},"modified":"2017-06-08T16:08:52","modified_gmt":"2017-06-08T19:08:52","slug":"papa-viaja-ao-egito-porque-nao-tem-medo-de-morrer-assegura-especialista-em-isla","status":"publish","type":"post","link":"https:\/\/catolicanet.net\/wp-cnet\/papa-viaja-ao-egito-porque-nao-tem-medo-de-morrer-assegura-especialista-em-isla\/","title":{"rendered":"Papa viaja ao Egito porque n\u00e3o tem medo de morrer, assegura especialista em Isl\u00e3"},"content":{"rendered":"<p style=\"text-align: justify;\"><img decoding=\"async\" src=\"http:\/\/www.catolicanet.com.br\/images\/stories\/noticias2017\/danielibanezacip.jpg\" border=\"0\" align=\"left\" \/>Roma, 28 Abr. 17 \/ 11:00 am (ACI).- O Pe. Samir Khalil Samir, sacerdote especialista na religi\u00e3o isl\u00e2mica, indicou que o Papa Francisco viaja ao Egito com o objetivo de \u201cestreitar os la\u00e7os com o Isl\u00e3\u201d e, nesse sentido, destacou sua decis\u00e3o de estar \u201cem meio ao povo\u201d e n\u00e3o desistir da viagem, apesar dos perigos.<\/p>\n<p>\u201cAcho que, como ele \u00e9, \u00e9 necess\u00e1rio que v\u00e1. O Papa n\u00e3o \u00e9 uma pessoa que tem medo\u201d, afirmou o sacerdote eg\u00edpcio.<\/p>\n<p>Al\u00e9m disso, \u201cse considerarmos a possibilidade de um atentado, acredito que o Egito, embora seja somente por uma quest\u00e3o de honra, far\u00e1 tudo o que for poss\u00edvel para proteg\u00ea-lo e para garantir que n\u00e3o haja nenhum elemento perigoso em torno dele. Deste ponto de vista, acredito que tudo acontecer\u00e1 normalmente\u201d, acrescentou.<\/p>\n<p>O tamb\u00e9m professor do Pontif\u00edcio Instituto Oriental de Roma afirmou que \u201cesta \u00e9 a caracter\u00edstica do Papa Francisco, que poderia dizer: \u2018Eu n\u00e3o temo nada e eu estou em meio ao povo. E se devo morrer, est\u00e1 bem, sou como qualquer outra pessoa, pode ocorrer simplesmente porque estou nesse local (onde ocorreu um atentado)\u2019. Ent\u00e3o, isso poderia explicar por que n\u00e3o desistiu da sua viagem\u201d.<\/p>\n<p>Em uma entrevista \u00e0 Funda\u00e7\u00e3o Pontif\u00edcia Ajuda \u00e0 Igreja que Sofre (ACN), o Pe. Samir assinalou que \u201ch\u00e1 muito tempo (Francisco) quer estreitar novamente os la\u00e7os entre o Vaticano e o Isl\u00e3\u201d.<\/p>\n<p>\u201cIsto ele me disse pessoalmente em uma entrevista de meia hora, h\u00e1 alguns meses. Concretamente, me disse: \u2018Por que eu insisto no fato de que o Islamismo \u00e9 uma religi\u00e3o de paz? Porque, primeiramente, devemos renovar os la\u00e7os de amizade com os mu\u00e7ulmanos e com (Universidade de) Al-Azhar\u2019\u201d, recordou o sacerdote, autor de 60 livros, entre eles \u201cCem perguntas sobre o Isl\u00e3\u201d.<\/p>\n<p>Para explicar por que \u00e9 necess\u00e1rio \u201cestreitar novamente os la\u00e7os\u201d, o sacerdote eg\u00edpcio recordou que alguns dias depois do atentado em uma igreja copta no Natal de 2010, o ent\u00e3o Papa Bento XVI pediu ao presidente do Egito \u2013 em seu discurso aos diplomatas \u2013 que protegesse os crist\u00e3os.<\/p>\n<p>\u201cNesse momento, o Im\u00e3 Ahmed el-Tayeb, reitor da Universidade de Al-Azhar, disse que era inaceit\u00e1vel que o Papa se intrometesse na pol\u00edtica eg\u00edpcia e cortou rela\u00e7\u00f5es com Roma\u201d, assinalou.<\/p>\n<p>O Pe. Samir disse que, \u201cdepois de v\u00e1rias tentativas sem sucesso, retomaram as rela\u00e7\u00f5es. E este era o principal objetivo do Papa Francisco: reestabelecer as rela\u00e7\u00f5es com o Isl\u00e3 e, principalmente, com Al-Azhar\u201d, institui\u00e7\u00e3o que representa a maioria dos mu\u00e7ulmanos e, portanto, \u00e9 \u201cuma autoridade moral e intelectual inevit\u00e1vel\u201d no mundo isl\u00e2mico.<\/p>\n<p>Os crist\u00e3os do Oriente M\u00e9dio<\/p>\n<p>Durante a entrevista, o sacerdote assinalou que a maioria dos mu\u00e7ulmanos reconhece que o Oriente M\u00e9dio precisa dos crist\u00e3os. Inclusive, indicou, uma emiss\u00e3o de r\u00e1dio mencionou recentemente \u201co tema das escolas crist\u00e3s, que formaram a elite intelectual do Egito nos s\u00e9culos XIX e XX\u201d.<\/p>\n<p>No caso do Egito, o Pe. Samir afirmou que se pode dizer que os crist\u00e3os s\u00e3o aut\u00f3ctones, portanto, \u201csabe que se querem preservar a consci\u00eancia nacional, n\u00e3o se pode eliminar os crist\u00e3os\u201d.<\/p>\n<p>\u201cInfelizmente e por motivos pol\u00edtico-econ\u00f4mico-religiosos, cada vez mais crist\u00e3os v\u00e3o embora. E o que acontece nesse momento \u00e9 o que o quer ISIS (Estado Isl\u00e2mico \/ Daesh). Mas estes s\u00e3o fan\u00e1ticos, enquanto, mundialmente, os mu\u00e7ulmanos n\u00e3o s\u00e3o assim. Mas, falta-lhes coragem para dizer: \u00e9 necess\u00e1rio det\u00ea-los. Em vez de dizer isso, dizem: isso n\u00e3o tem nada a ver com o Isl\u00e3, com isso n\u00e3o resolvem nada. Mas, dentro dos seus cora\u00e7\u00f5es, a maioria dos mu\u00e7ulmanos diz: Isto \u00e9 uma vergonha\u201d, explicou.<\/p>\n<p>O sacerdote disse que \u00e9 necess\u00e1rio ajudar os crist\u00e3os a fim de que permane\u00e7am em seus pa\u00edses do Oriente M\u00e9dio. Entretanto, enquanto o Egito n\u00e3o \u00e9 um grande problema, pois s\u00e3o quase 10 milh\u00f5es, recordou que no Iraque e na S\u00edria o Estado Isl\u00e2mico destruiu suas casas. Portanto, \u201c\u00e9 preciso ser muito corajosos\u201d para permanecer em seus lugares de origem.<\/p>\n<p>\u201cDevemos ajud\u00e1-los a ficar nos seus pa\u00edses. Ajud\u00e1-los financeiramente se poss\u00edvel, mas tamb\u00e9m moralmente, apoi\u00e1-los e tentar impedir este crime que \u00e9 o ISIS\u201d, expressou.<\/p>\n<p style=\"text-align: justify;\">\u00a0<\/p>\n<p style=\"text-align: justify;\">Fonte: Acidigital<\/p>\n","protected":false},"excerpt":{"rendered":"<p>Roma, 28 Abr. 17 \/ 11:00 am (ACI).- O Pe. Samir Khalil Samir, sacerdote especialista na religi\u00e3o isl\u00e2mica, indicou que o Papa Francisco viaja ao Egito com o objetivo de \u201cestreitar os la\u00e7os com o Isl\u00e3\u201d e, nesse sentido, destacou sua decis\u00e3o de estar \u201cem meio ao povo\u201d e n\u00e3o desistir da viagem, apesar dos [&hellip;]<\/p>\n","protected":false},"author":1,"featured_media":29691,"comment_status":"open","ping_status":"open","sticky":false,"template":"","format":"standard","meta":{"footnotes":""},"categories":[3],"tags":[],"class_list":["post-29692","post","type-post","status-publish","format-standard","has-post-thumbnail","hentry","category-vaticano"],"_links":{"self":[{"href":"https:\/\/catolicanet.net\/wp-cnet\/wp-json\/wp\/v2\/posts\/29692","targetHints":{"allow":["GET"]}}],"collection":[{"href":"https:\/\/catolicanet.net\/wp-cnet\/wp-json\/wp\/v2\/posts"}],"about":[{"href":"https:\/\/catolicanet.net\/wp-cnet\/wp-json\/wp\/v2\/types\/post"}],"author":[{"embeddable":true,"href":"https:\/\/catolicanet.net\/wp-cnet\/wp-json\/wp\/v2\/users\/1"}],"replies":[{"embeddable":true,"href":"https:\/\/catolicanet.net\/wp-cnet\/wp-json\/wp\/v2\/comments?post=29692"}],"version-history":[{"count":1,"href":"https:\/\/catolicanet.net\/wp-cnet\/wp-json\/wp\/v2\/posts\/29692\/revisions"}],"predecessor-version":[{"id":30894,"href":"https:\/\/catolicanet.net\/wp-cnet\/wp-json\/wp\/v2\/posts\/29692\/revisions\/30894"}],"wp:featuredmedia":[{"embeddable":true,"href":"https:\/\/catolicanet.net\/wp-cnet\/wp-json\/wp\/v2\/media\/29691"}],"wp:attachment":[{"href":"https:\/\/catolicanet.net\/wp-cnet\/wp-json\/wp\/v2\/media?parent=29692"}],"wp:term":[{"taxonomy":"category","embeddable":true,"href":"https:\/\/catolicanet.net\/wp-cnet\/wp-json\/wp\/v2\/categories?post=29692"},{"taxonomy":"post_tag","embeddable":true,"href":"https:\/\/catolicanet.net\/wp-cnet\/wp-json\/wp\/v2\/tags?post=29692"}],"curies":[{"name":"wp","href":"https:\/\/api.w.org\/{rel}","templated":true}]}}