{"id":29690,"date":"2017-04-28T19:37:56","date_gmt":"2017-04-28T22:37:56","guid":{"rendered":"http:\/\/catolicanet.net\/wp-cnet\/2017\/04\/28\/papa-a-tawadros-a-paz-feita-de-caridade-fraterna-e-ecumenismo-de-sangue\/"},"modified":"2017-06-08T16:10:34","modified_gmt":"2017-06-08T19:10:34","slug":"papa-a-tawadros-a-paz-feita-de-caridade-fraterna-e-ecumenismo-de-sangue","status":"publish","type":"post","link":"https:\/\/catolicanet.net\/wp-cnet\/papa-a-tawadros-a-paz-feita-de-caridade-fraterna-e-ecumenismo-de-sangue\/","title":{"rendered":"Papa a Tawadros: a paz feita de caridade fraterna e ecumenismo de sangue"},"content":{"rendered":"<p style=\"text-align: justify;\"><img decoding=\"async\" src=\"http:\/\/www.catolicanet.com.br\/images\/stories\/noticias2017\/ap3961013_articolo.jpg\" border=\"0\" align=\"left\" \/>Cairo \u2013 O Papa Francisco encontrou o Primaz da mais consistente Igreja radicada num pa\u00eds \u00e1rabe, o Patriarca Copta-ortodoxo Tawadros II de Alexandria, no final da tarde desta sexta-feira (28), no Cairo, um dos momentos mais aguardados do dia. Depois da audi\u00eancia privada, no escrit\u00f3rio da sede do Patriarcado, Francisco e Tawadros, junto a l\u00edderes de outras confiss\u00f5es crist\u00e3s, se reuniram em ora\u00e7\u00e3o ecum\u00eanica.<\/p>\n<p style=\"text-align: justify;\">\u00a0<\/p>\n<p style=\"text-align: justify;\"><a href=\"http:\/\/media02.radiovaticana.va\/audio\/audio2\/mp3\/00579663.mp3\">Clique aqui para ouvir:<\/a><\/p>\n<p style=\"text-align: justify;\">\u00a0<\/p>\n<p style=\"text-align: justify;\">O abra\u00e7o comum no Egito foi dirigido \u00e0s v\u00edtimas dos recentes ataques terroristas contra crist\u00e3os no pa\u00eds, inclusive \u00e0quelas que sofreram o atentado de dezembro de 2016, no Cairo. Na ocasi\u00e3o, 29 pessoas morreram v\u00edtimas de uma bomba que explodiu na capela de S\u00e3o Pedro, pr\u00f3xima do Patriarcado, no bairro crist\u00e3o da capital.<\/p>\n<p>No discurso desta tarde, o terceiro de cinco que ser\u00e3o feitos durante sua viagem apost\u00f3lica ao Egito, Francisco se dirigiu ao \u201ccar\u00edssimo irm\u00e3o\u201d, Tawadros II, o 118\u00b0 papa da Igreja Copta-Ortodoxa, falando em \u00e1rabe: \u201cO Senhor ressuscitou. Ressuscitou verdadeiramente\u201d.<\/p>\n<p>A primeira men\u00e7\u00e3o de Francisco foi \u00e0 recente solenidade da P\u00e1scoa que, neste ano, foi celebrada em comunh\u00e3o para \u201cproclamar em un\u00edssono o an\u00fancio da Ressurrei\u00e7\u00e3o.<\/p>\n<p>Hoje, esta alegria pascal \u00e9 enriquecida pelo dom de adorarmos, juntos, o Ressuscitado na ora\u00e7\u00e3o e, por trocarmos novamente, em seu nome, o \u00f3sculo santo e o abra\u00e7o de paz. Sinto-me muito grato por isso: ao chegar aqui como peregrino, tinha a certeza de receber a b\u00ean\u00e7\u00e3o de um Irm\u00e3o que me esperava.<\/p>\n<p>O Papa lembrou, ent\u00e3o, do primeiro encontro com Tawadros, em Roma, logo depois da elei\u00e7\u00e3o de Francisco em 10 de maio de 2013. A data simb\u00f3lica de um \u201ccaminho ecum\u00eanico\u201d acabou sendo institu\u00edda como o Dia da Amizade Copta-Cat\u00f3lica. A pr\u00f3pria Declara\u00e7\u00e3o Comum assinada por Paulo VI e Amba Shenouda III h\u00e1 mais de 40 anos, em 10 de maio de 1973, acrescentou o Pont\u00edfice, tamb\u00e9m foi um marco nas rela\u00e7\u00f5es entre a S\u00e9 de Pedro e a de Marcos na proclama\u00e7\u00e3o do \u201cdom\u00ednio de Jesus: juntos, confessamos que pertencemos a Jesus e que Ele \u00e9 o nosso tudo\u201d.<\/p>\n<p>Naquele dia, depois de \u201cs\u00e9culos de hist\u00f3ria dif\u00edcil\u201d, em que \u201csurgiram diferen\u00e7as teol\u00f3gicas, que foram alimentadas e acentuadas por fatores de car\u00e1ter n\u00e3o-teol\u00f3gico\u201d e por uma difid\u00eancia cada vez mais generalizada nas rela\u00e7\u00f5es, com a ajuda de Deus chegou-se a reconhecer, juntos, que Cristo \u00e9 \u201cperfeito Deus, quanto \u00e0 sua divindade, e perfeito homem, quanto \u00e0 sua humanidade\u201d (Declara\u00e7\u00e3o Comum, assinada pelo Santo Padre Paulo VI e por Sua Santidade Amba Shenouda III, 10 de maio 1973).<\/p>\n<p>Na exorta\u00e7\u00e3o de que \u201cn\u00e3o se pode pensar em avan\u00e7ar cada um pela sua estrada, porque trair\u00edamos a vontade de Jesus\u201d, Papa Francisco fez men\u00e7\u00e3o a Jo\u00e3o Paulo II. Durante o Encontro Ecum\u00eanico de fevereiro de 2000, Wojtyla motivou a n\u00e3o se perder mais tempo com esse prop\u00f3sito.<\/p>\n<p>J\u00e1 n\u00e3o podemos nos esconder atr\u00e1s de desculpas de diverg\u00eancias de interpreta\u00e7\u00e3o, nem atr\u00e1s de s\u00e9culos de hist\u00f3ria e tradi\u00e7\u00f5es que nos tornaram estranhos. [&#8230;] Nesse sentido, n\u00e3o h\u00e1 s\u00f3 um ecumenismo feito de gestos, palavras e compromisso, mas uma comunh\u00e3o j\u00e1 efetiva, que cresce dia a dia no relacionamento vivo com o Senhor Jesus, est\u00e1 enraizada na f\u00e9 professada e funda-se realmente no nosso Batismo, em sermos n\u2019Ele \u201cnovas criaturas\u201d (cf. 2 Cor 5, 17): em suma, \u201cum s\u00f3 Senhor, uma s\u00f3 f\u00e9, um s\u00f3 Batismo\u201d (Ef 4, 5).<\/p>\n<p>Na \u201cconstru\u00e7\u00e3o da comunh\u00e3o\u201d com o testemunho di\u00e1rio de \u201clevar a f\u00e9 ao mundo\u201d, Papa Francisco afirmou que \u201co Esp\u00edrito n\u00e3o deixar\u00e1 de abrir caminhos providenciais e inesperados de unidade\u201d. Com esse \u201cesp\u00edrito apost\u00f3lico construtivo\u201d, segundo o Pont\u00edfice, \u201cpossam coptas-ortodoxos e cat\u00f3licos falarem juntos, sempre mais, essa l\u00edngua comum da caridade\u201d.<\/p>\n<p>O Papa Francisco, ent\u00e3o, se disse novamente agradecido pela \u201caten\u00e7\u00e3o genu\u00edna e fraterna\u201d de Tawadros para com a Igreja Copta-Cat\u00f3lica, tanto atrav\u00e9s do Conselho Nacional das Igrejas Crist\u00e3s como do 13\u00b0 Encontro da Comiss\u00e3o Mista Internacional para o Di\u00e1logo Teol\u00f3gico entre a Igreja Cat\u00f3lica e as Igrejas Ortodoxas Orientais.<\/p>\n<p>Dando continuidade \u00e0 express\u00e3o da Sagrada Escritura entre as S\u00e9s de Marcos e de Pedro, o Pont\u00edfice tamb\u00e9m falou sobre \u201cos la\u00e7os fraternos do Evangelista e a sua atividade apost\u00f3lica com S\u00e3o Paulo\u201d ao se referir \u00e0s origens que geram uma mensagem de \u201ccaridade fraterna e comunh\u00e3o de miss\u00e3o\u201d.<\/p>\n<p>A matura\u00e7\u00e3o do nosso caminho ecum\u00eanico \u00e9 sustentada, de modo misterioso e muito atual, tamb\u00e9m por um verdadeiro e pr\u00f3prio ecumenismo do sangue. S\u00e3o Jo\u00e3o escreve que Jesus veio \u201ccom \u00e1gua e com sangue\u201d (1 Jo 5, 6); quem acredita n\u2019Ele, assim \u201cvence o mundo\u201d (1 Jo 5, 5). Com \u00e1gua e sangue: vivendo uma vida nova no nosso Batismo comum, uma vida de amor incessante e por todos, mesmo \u00e0 custa do sacrif\u00edcio do sangue. Desde os primeiros s\u00e9culos do cristianismo, nesta terra, quantos m\u00e1rtires viveram a f\u00e9 heroicamente e at\u00e9 ao extremo, preferindo derramar o sangue que negar o Senhor e ceder \u00e0s adula\u00e7\u00f5es do mal ou mesmo s\u00f3 \u00e0 tenta\u00e7\u00e3o de responder ao mal com o mal! [&#8230;] Trabalhemos por nos opor \u00e0 viol\u00eancia, pregando e semeando o bem, fazendo crescer a conc\u00f3rdia e mantendo a unidade, rezando a fim de que tantos sacrif\u00edcios abram o caminho para um futuro de plena comunh\u00e3o entre n\u00f3s e de paz para todos.<\/p>\n<p>Al\u00e9m da hist\u00f3ria de santidade no Egito testemunhada pelo sacrif\u00edcio dos m\u00e1rtires, o Papa Francisco lembrou de uma nova forma de vida logo que terminaram as persegui\u00e7\u00f5es antigas que, \u201cdoada ao Senhor, nada retinha para si: no deserto, come\u00e7ou o monaquismo\u201d, disse o Pont\u00edfice.<\/p>\n<p>Com venera\u00e7\u00e3o a esse patrim\u00f4nio comum, concluiu o Papa Francisco em seu discurso a Tawadros II: que \u201co Senhor nos conceda a gra\u00e7a de recome\u00e7ar hoje, juntos, como peregrinos de comunh\u00e3o e arautos de paz\u201d.<\/p>\n<p style=\"text-align: justify;\">\u00a0<\/p>\n<p style=\"text-align: justify;\">Fonte: R\u00e1dio Vaticano<\/p>\n","protected":false},"excerpt":{"rendered":"<p>Cairo \u2013 O Papa Francisco encontrou o Primaz da mais consistente Igreja radicada num pa\u00eds \u00e1rabe, o Patriarca Copta-ortodoxo Tawadros II de Alexandria, no final da tarde desta sexta-feira (28), no Cairo, um dos momentos mais aguardados do dia. Depois da audi\u00eancia privada, no escrit\u00f3rio da sede do Patriarcado, Francisco e Tawadros, junto a l\u00edderes [&hellip;]<\/p>\n","protected":false},"author":1,"featured_media":29689,"comment_status":"open","ping_status":"open","sticky":false,"template":"","format":"standard","meta":{"footnotes":""},"categories":[3],"tags":[],"class_list":["post-29690","post","type-post","status-publish","format-standard","has-post-thumbnail","hentry","category-vaticano"],"_links":{"self":[{"href":"https:\/\/catolicanet.net\/wp-cnet\/wp-json\/wp\/v2\/posts\/29690","targetHints":{"allow":["GET"]}}],"collection":[{"href":"https:\/\/catolicanet.net\/wp-cnet\/wp-json\/wp\/v2\/posts"}],"about":[{"href":"https:\/\/catolicanet.net\/wp-cnet\/wp-json\/wp\/v2\/types\/post"}],"author":[{"embeddable":true,"href":"https:\/\/catolicanet.net\/wp-cnet\/wp-json\/wp\/v2\/users\/1"}],"replies":[{"embeddable":true,"href":"https:\/\/catolicanet.net\/wp-cnet\/wp-json\/wp\/v2\/comments?post=29690"}],"version-history":[{"count":1,"href":"https:\/\/catolicanet.net\/wp-cnet\/wp-json\/wp\/v2\/posts\/29690\/revisions"}],"predecessor-version":[{"id":30895,"href":"https:\/\/catolicanet.net\/wp-cnet\/wp-json\/wp\/v2\/posts\/29690\/revisions\/30895"}],"wp:featuredmedia":[{"embeddable":true,"href":"https:\/\/catolicanet.net\/wp-cnet\/wp-json\/wp\/v2\/media\/29689"}],"wp:attachment":[{"href":"https:\/\/catolicanet.net\/wp-cnet\/wp-json\/wp\/v2\/media?parent=29690"}],"wp:term":[{"taxonomy":"category","embeddable":true,"href":"https:\/\/catolicanet.net\/wp-cnet\/wp-json\/wp\/v2\/categories?post=29690"},{"taxonomy":"post_tag","embeddable":true,"href":"https:\/\/catolicanet.net\/wp-cnet\/wp-json\/wp\/v2\/tags?post=29690"}],"curies":[{"name":"wp","href":"https:\/\/api.w.org\/{rel}","templated":true}]}}