{"id":29680,"date":"2017-04-27T19:56:53","date_gmt":"2017-04-27T22:56:53","guid":{"rendered":"http:\/\/catolicanet.net\/wp-cnet\/2017\/04\/27\/americaporto-rico-ativar-o-processo-falencia-para-salvar-o-pais-o-pedido-dos-lideres-religiosos\/"},"modified":"2017-06-08T16:18:18","modified_gmt":"2017-06-08T19:18:18","slug":"americaporto-rico-ativar-o-processo-falencia-para-salvar-o-pais-o-pedido-dos-lideres-religiosos","status":"publish","type":"post","link":"https:\/\/catolicanet.net\/wp-cnet\/americaporto-rico-ativar-o-processo-falencia-para-salvar-o-pais-o-pedido-dos-lideres-religiosos\/","title":{"rendered":"AM\u00c9RICA\/PORTO RICO &#8211; Ativar o processo fal\u00eancia para salvar o pa\u00eds: o pedido dos l\u00edderes religiosos"},"content":{"rendered":"<p style=\"text-align: justify;\"><img decoding=\"async\" src=\"http:\/\/www.catolicanet.com.br\/images\/stories\/noticias2017\/primopiano_3842.jpg\" border=\"0\" align=\"left\" \/>San Juan (Ag\u00eancia Fides) \u2013 &#8220;Confirmamos o nosso encorajamento e nosso apoio ao governador de Porto Rico e ao Comit\u00ea de supervis\u00e3o, para autorizar o processo de fal\u00eancia do T\u00edtulo 3 at\u00e9 28 de abril, antes que expirem as prote\u00e7\u00f5es legais da d\u00edvida\u201d: \u00e9 o que se l\u00ea em declara\u00e7\u00e3o, enviada \u00e0 Fides, publicada ontem, 25 de abril, pelo Arcebispo de San Juan de Porto Rico, Roberto Gonz\u00e1lez, assinada tamb\u00e9m pelo reverendo Heriberto Mart\u00ednez, chefe da Sociedade B\u00edblica de Porto Rico. \u201cSe o conselho de vigil\u00e2ncia e o governador n\u00e3o agirem at\u00e9 o dia 28 de abril, tememos que Porto Rico se torne alvo de fundos \u201curubu\u201d\u201d, prossegue o texto.<br \/>Apenas poucos meses atr\u00e1s, a lei sobre a crise da d\u00edvida de Porto Rico foi aprovada pelo Congresso estadunidense, pois \u00e9 um estado federado dos Estados Unidos. As normas legislativas compreendiam prote\u00e7\u00f5es tempor\u00e1rias de a\u00e7\u00f5es legais e um processo de fal\u00eancia destinado a reestruturar toda a d\u00edvida da ilha (veja Fides 23\/03\/2017).<br \/>&#8220;O processo de fal\u00eancia projetado pelo Congresso \u00e9 um instrumento muito poderoso, \u00e9 realmente o \u00fanico processo que pode reestruturar cada d\u00f3lar da d\u00edvida\u201d, explicou Eric LeCompte, diretor executivo do Jubilee USA Network. LeCompte trabalhou na legisla\u00e7\u00e3o e \u00e9 o conselheiro dos l\u00edderes religiosos de Porto Rico. &#8220;O tempo de Porto Rico est\u00e1 acabando e \u00e9 responsabilidade do conselho de vigil\u00e2ncia autorizar o processo de fal\u00eancia&#8221; concluiu.<\/p>\n<p style=\"text-align: justify;\">Fonte: Ag\u00eancia Fides<\/p>\n","protected":false},"excerpt":{"rendered":"<p>San Juan (Ag\u00eancia Fides) \u2013 &#8220;Confirmamos o nosso encorajamento e nosso apoio ao governador de Porto Rico e ao Comit\u00ea de supervis\u00e3o, para autorizar o processo de fal\u00eancia do T\u00edtulo 3 at\u00e9 28 de abril, antes que expirem as prote\u00e7\u00f5es legais da d\u00edvida\u201d: \u00e9 o que se l\u00ea em declara\u00e7\u00e3o, enviada \u00e0 Fides, publicada ontem, [&hellip;]<\/p>\n","protected":false},"author":1,"featured_media":29679,"comment_status":"open","ping_status":"open","sticky":false,"template":"","format":"standard","meta":{"footnotes":""},"categories":[4],"tags":[],"class_list":["post-29680","post","type-post","status-publish","format-standard","has-post-thumbnail","hentry","category-cotidiano"],"_links":{"self":[{"href":"https:\/\/catolicanet.net\/wp-cnet\/wp-json\/wp\/v2\/posts\/29680","targetHints":{"allow":["GET"]}}],"collection":[{"href":"https:\/\/catolicanet.net\/wp-cnet\/wp-json\/wp\/v2\/posts"}],"about":[{"href":"https:\/\/catolicanet.net\/wp-cnet\/wp-json\/wp\/v2\/types\/post"}],"author":[{"embeddable":true,"href":"https:\/\/catolicanet.net\/wp-cnet\/wp-json\/wp\/v2\/users\/1"}],"replies":[{"embeddable":true,"href":"https:\/\/catolicanet.net\/wp-cnet\/wp-json\/wp\/v2\/comments?post=29680"}],"version-history":[{"count":1,"href":"https:\/\/catolicanet.net\/wp-cnet\/wp-json\/wp\/v2\/posts\/29680\/revisions"}],"predecessor-version":[{"id":30904,"href":"https:\/\/catolicanet.net\/wp-cnet\/wp-json\/wp\/v2\/posts\/29680\/revisions\/30904"}],"wp:featuredmedia":[{"embeddable":true,"href":"https:\/\/catolicanet.net\/wp-cnet\/wp-json\/wp\/v2\/media\/29679"}],"wp:attachment":[{"href":"https:\/\/catolicanet.net\/wp-cnet\/wp-json\/wp\/v2\/media?parent=29680"}],"wp:term":[{"taxonomy":"category","embeddable":true,"href":"https:\/\/catolicanet.net\/wp-cnet\/wp-json\/wp\/v2\/categories?post=29680"},{"taxonomy":"post_tag","embeddable":true,"href":"https:\/\/catolicanet.net\/wp-cnet\/wp-json\/wp\/v2\/tags?post=29680"}],"curies":[{"name":"wp","href":"https:\/\/api.w.org\/{rel}","templated":true}]}}