{"id":2968,"date":"2023-09-11T00:00:00","date_gmt":"2023-09-11T03:00:00","guid":{"rendered":"http:\/\/catolicanet.net\/wp-cnet\/santo-joao-gabriel-perboyre\/"},"modified":"2023-01-02T17:17:21","modified_gmt":"2023-01-02T20:17:21","slug":"santo-joao-gabriel-perboyre","status":"publish","type":"post","link":"https:\/\/catolicanet.net\/wp-cnet\/santo-joao-gabriel-perboyre\/","title":{"rendered":"Santo Jo\u00e3o Gabriel Perboyre"},"content":{"rendered":"<p style=\"text-align: justify;\"><span style=\"line-height: 1.3em;\">Jo\u00e3o Gabriel Perboyre nasceu em 05 de janeiro de 1802, em Mongesty, na diocese de Cahors, Fran\u00e7a, numa fam\u00edlia de agricultores, numerosa e profundamente crist\u00e3. Era o primeiro dos oito filhos do casal, sendo educado para seguir a profiss\u00e3o do pai.<\/span><\/p>\n<p style=\"text-align: justify;\"><span style=\"line-height: 1.3em;\">Mas o menino era muito piedoso demonstrando desde a inf\u00e2ncia sua voca\u00e7\u00e3o religiosa. Assim aos catorze anos, junto com dois de seus irm\u00e3os: Luiz e Tiago, decidiu seguir o exemplo do seu tio Jacques Perboyre, que era sacerdote. Ingressou na Congrega\u00e7\u00e3o da Miss\u00e3o fundada por S\u00e3o Vicente de Paulo, para se tornar um padre vicentino ou lazarista, como tamb\u00e9m s\u00e3o chamados os sacerdotes desta Ordem. Depois, tamb\u00e9m, duas de suas irm\u00e3s ingressam na Congrega\u00e7\u00e3o das Filhas da Caridade. Uma outra irm\u00e3, logo ap\u00f3s entrar para as Carmelitas, adoeceu e morreu.<\/span><\/p>\n<p style=\"text-align: justify;\"><span style=\"line-height: 1.3em;\">Jo\u00e3o Gabriel recebeu a ordena\u00e7\u00e3o sacerdotal em 1826. Ficou alguns anos em Paris, como professor e diretor nos Semin\u00e1rios Vicentinos. Por\u00e9m seu desejo era ser um mission\u00e1rio na China, onde os vicentinos atuavam e recentemente o Padre Clet f\u00f4ra martirizado. <\/span><\/p>\n<p style=\"text-align: justify;\"><span style=\"line-height: 1.3em;\">Em 1832, seu irm\u00e3o, Padre Luiz foi designado para l\u00e1. Mas ele morreu em pleno mar, antes de chegar nas Miss\u00f5es na China. Foi assim, que Jo\u00e3o Gabriel pediu para substitui-lo. Foi atendido e, tr\u00eas anos depois, em 1835, ele chegou na cidade de Macau, deixando assim registrado: &#8221; Eis-me aqui. Bendito o Senhor que me guiou e trouxe&#8221;. Na Miss\u00e3o, aprendeu a se disfar\u00e7ar de chin\u00eas, porque a presen\u00e7a de estrangeiros era proibida por lei. Estudou o idioma e os costumes e seguiu para ser mission\u00e1rio nas dioceses Ho-Nan e Hou-P\u00e9. Entretanto foi denunciado e preso, na persegui\u00e7\u00e3o de 1839. Permaneceu um ano no cativeiro, sofrendo torturas cru\u00e9is, at\u00e9 ser amarrado \u00e0 uma cruz e estrangulado, no dia 11 de setembro de 1840. <\/span><\/p>\n<p style=\"text-align: justify;\"><span style=\"line-height: 1.3em;\">Beatificado em 1889, Jo\u00e3o Gabriel Perboyre foi proclamado Santo, pelo Papa Jo\u00e3o Paulo II, em 1996. Festejado no dia de sua morte, ele se tornou o primeiro mission\u00e1rio da China a ser declarado Santo pela Igreja.<\/span><\/p>\n","protected":false},"excerpt":{"rendered":"<p>Jo\u00e3o Gabriel Perboyre nasceu em 05 de janeiro de 1802, em Mongesty, na diocese de Cahors, Fran\u00e7a, numa fam\u00edlia de agricultores, numerosa e profundamente crist\u00e3. Era o primeiro dos oito filhos do casal, sendo educado para seguir a profiss\u00e3o do pai. Mas o menino era muito piedoso demonstrando desde a inf\u00e2ncia sua voca\u00e7\u00e3o religiosa. Assim [&hellip;]<\/p>\n","protected":false},"author":1,"featured_media":22797,"comment_status":"closed","ping_status":"closed","sticky":false,"template":"","format":"standard","meta":{"footnotes":""},"categories":[32],"tags":[],"class_list":["post-2968","post","type-post","status-publish","format-standard","has-post-thumbnail","hentry","category-santo-do-dia"],"_links":{"self":[{"href":"https:\/\/catolicanet.net\/wp-cnet\/wp-json\/wp\/v2\/posts\/2968","targetHints":{"allow":["GET"]}}],"collection":[{"href":"https:\/\/catolicanet.net\/wp-cnet\/wp-json\/wp\/v2\/posts"}],"about":[{"href":"https:\/\/catolicanet.net\/wp-cnet\/wp-json\/wp\/v2\/types\/post"}],"author":[{"embeddable":true,"href":"https:\/\/catolicanet.net\/wp-cnet\/wp-json\/wp\/v2\/users\/1"}],"replies":[{"embeddable":true,"href":"https:\/\/catolicanet.net\/wp-cnet\/wp-json\/wp\/v2\/comments?post=2968"}],"version-history":[{"count":3,"href":"https:\/\/catolicanet.net\/wp-cnet\/wp-json\/wp\/v2\/posts\/2968\/revisions"}],"predecessor-version":[{"id":22798,"href":"https:\/\/catolicanet.net\/wp-cnet\/wp-json\/wp\/v2\/posts\/2968\/revisions\/22798"}],"wp:featuredmedia":[{"embeddable":true,"href":"https:\/\/catolicanet.net\/wp-cnet\/wp-json\/wp\/v2\/media\/22797"}],"wp:attachment":[{"href":"https:\/\/catolicanet.net\/wp-cnet\/wp-json\/wp\/v2\/media?parent=2968"}],"wp:term":[{"taxonomy":"category","embeddable":true,"href":"https:\/\/catolicanet.net\/wp-cnet\/wp-json\/wp\/v2\/categories?post=2968"},{"taxonomy":"post_tag","embeddable":true,"href":"https:\/\/catolicanet.net\/wp-cnet\/wp-json\/wp\/v2\/tags?post=2968"}],"curies":[{"name":"wp","href":"https:\/\/api.w.org\/{rel}","templated":true}]}}