{"id":29678,"date":"2017-04-27T18:41:20","date_gmt":"2017-04-27T21:41:20","guid":{"rendered":"http:\/\/catolicanet.net\/wp-cnet\/2017\/04\/27\/saude-da-irma-miria\/"},"modified":"2017-06-08T16:18:53","modified_gmt":"2017-06-08T19:18:53","slug":"saude-da-irma-miria","status":"publish","type":"post","link":"https:\/\/catolicanet.net\/wp-cnet\/saude-da-irma-miria\/","title":{"rendered":"Sa\u00fade da Irm\u00e3 Miria"},"content":{"rendered":"<p style=\"text-align: center;\"><img decoding=\"async\" src=\"http:\/\/www.catolicanet.com.br\/images\/stories\/noticias2017\/18118583.jpg\" border=\"0\" \/><\/p>\n<p style=\"text-align: justify;\">\u00a0<\/p>\n<p style=\"text-align: justify;\">Amigos,<\/p>\n<p>Nossa querida Irm\u00e3 Miria permanece internada, agora no quarto. No momento, as visitas est\u00e3o proibidas, por ordem m\u00e9dica, para que ela possa descansar enquanto aguarda pela cirurgia que ainda n\u00e3o possui data definida.<br \/>Ela tem conhecimento de todas as manifesta\u00e7\u00f5es de carinho que est\u00e3o sendo postadas em suas redes sociais, as quais agradece de cora\u00e7\u00e3o.<br \/>N\u00f3s, Irm\u00e3s do Educand\u00e1rio S\u00e3o Jos\u00e9 do Bel\u00e9m, pedimos que continuemos em ora\u00e7\u00e3o pela sa\u00fade e recupera\u00e7\u00e3o de nossa querida Ir. Miria.<\/p>\n<p>Fonte: Ir. Josefa<\/p>\n","protected":false},"excerpt":{"rendered":"<p>\u00a0 Amigos, Nossa querida Irm\u00e3 Miria permanece internada, agora no quarto. No momento, as visitas est\u00e3o proibidas, por ordem m\u00e9dica, para que ela possa descansar enquanto aguarda pela cirurgia que ainda n\u00e3o possui data definida.Ela tem conhecimento de todas as manifesta\u00e7\u00f5es de carinho que est\u00e3o sendo postadas em suas redes sociais, as quais agradece de [&hellip;]<\/p>\n","protected":false},"author":1,"featured_media":29677,"comment_status":"open","ping_status":"open","sticky":false,"template":"","format":"standard","meta":{"footnotes":""},"categories":[4],"tags":[],"class_list":["post-29678","post","type-post","status-publish","format-standard","has-post-thumbnail","hentry","category-cotidiano"],"_links":{"self":[{"href":"https:\/\/catolicanet.net\/wp-cnet\/wp-json\/wp\/v2\/posts\/29678","targetHints":{"allow":["GET"]}}],"collection":[{"href":"https:\/\/catolicanet.net\/wp-cnet\/wp-json\/wp\/v2\/posts"}],"about":[{"href":"https:\/\/catolicanet.net\/wp-cnet\/wp-json\/wp\/v2\/types\/post"}],"author":[{"embeddable":true,"href":"https:\/\/catolicanet.net\/wp-cnet\/wp-json\/wp\/v2\/users\/1"}],"replies":[{"embeddable":true,"href":"https:\/\/catolicanet.net\/wp-cnet\/wp-json\/wp\/v2\/comments?post=29678"}],"version-history":[{"count":1,"href":"https:\/\/catolicanet.net\/wp-cnet\/wp-json\/wp\/v2\/posts\/29678\/revisions"}],"predecessor-version":[{"id":30905,"href":"https:\/\/catolicanet.net\/wp-cnet\/wp-json\/wp\/v2\/posts\/29678\/revisions\/30905"}],"wp:featuredmedia":[{"embeddable":true,"href":"https:\/\/catolicanet.net\/wp-cnet\/wp-json\/wp\/v2\/media\/29677"}],"wp:attachment":[{"href":"https:\/\/catolicanet.net\/wp-cnet\/wp-json\/wp\/v2\/media?parent=29678"}],"wp:term":[{"taxonomy":"category","embeddable":true,"href":"https:\/\/catolicanet.net\/wp-cnet\/wp-json\/wp\/v2\/categories?post=29678"},{"taxonomy":"post_tag","embeddable":true,"href":"https:\/\/catolicanet.net\/wp-cnet\/wp-json\/wp\/v2\/tags?post=29678"}],"curies":[{"name":"wp","href":"https:\/\/api.w.org\/{rel}","templated":true}]}}