{"id":29676,"date":"2017-04-27T18:12:05","date_gmt":"2017-04-27T21:12:05","guid":{"rendered":"http:\/\/catolicanet.net\/wp-cnet\/2017\/04\/27\/africamadagascar-morre-um-sacerdote-capuchinho-durante-assalto-ao-seu-convento-ferido-um-diacono\/"},"modified":"2017-06-08T16:19:29","modified_gmt":"2017-06-08T19:19:29","slug":"africamadagascar-morre-um-sacerdote-capuchinho-durante-assalto-ao-seu-convento-ferido-um-diacono","status":"publish","type":"post","link":"https:\/\/catolicanet.net\/wp-cnet\/africamadagascar-morre-um-sacerdote-capuchinho-durante-assalto-ao-seu-convento-ferido-um-diacono\/","title":{"rendered":"\u00c1FRICA\/MADAGASCAR &#8211; Morre um sacerdote capuchinho durante assalto ao seu convento, ferido um di\u00e1cono"},"content":{"rendered":"<p style=\"text-align: justify;\"><img decoding=\"async\" src=\"http:\/\/www.catolicanet.com.br\/images\/stories\/noticias2017\/primopiano_3844.jpg\" border=\"0\" align=\"left\" \/>Antananarivo (Ag\u00eancia Fides) &#8211; Um capuchinho malgaxe de 46 anos, Pe. Lucien Njiva, foi assassinado na noite entre s\u00e1bado 22 e domingo 23 de abril, no convento de Ambendrana Antsohihy.<br \/>Segundo a Ag\u00eancia Fides, Pe. Eric Franck Randriamiandrinirinarivo, Diretor de R\u00e1dio Dom Bosco Madagascar, \u201cpor volta de uma da manh\u00e3, cinco bandidos entraram no convento, agredindo e ferindo o jovem di\u00e1cono de 26 anos, J\u00e9r\u00e9my. Ouvindo os gritos do di\u00e1cono Pe. Lucien correu agitando um rifle de ca\u00e7a, mas os bandidos o mataram com um rifle Kalashnikov\u201d.<br \/>\u201cO di\u00e1cono foi levado a um hospital da capital Antananarivo, enquanto as for\u00e7as de seguran\u00e7a anunciaram a pris\u00e3o de algumas pessoas envolvidas no homic\u00eddio de Pe. Lucien\u201d, refere Pe. Franck.<br \/>Os bandidos queriam se apoderar do sino do convento. Os capuchinhos conseguiram frustrar uma primeira tentativa de roubo durante a Semana Santa, quando os bandidos atacaram o convento sempre \u00e0 noite, mas foram expulsos pela rea\u00e7\u00e3o dos religiosos. O sino tinha sido escondido, mas isso n\u00e3o foi suficiente para fazer os criminosos desistirem.<br \/>O diretor de R\u00e1dio Dom Bosco Madagascar explica que \u201ch\u00e1 tempo se multiplicaram os furtos de sinos de igrejas a fim de extrair os metais com os quais s\u00e3o feitos e vend\u00ea-los no mercado negro. \u00c9 um neg\u00f3cio muito lucrativo\u201d.<br \/>O assalto ao convento de Ambendrana Antsohihy \u00e9 apenas o mais recente de uma s\u00e9rie de assaltos a conventos e igrejas cat\u00f3licas. Antes do assassinato de Pe. Lucien, o epis\u00f3dio mais grave foi o ataque na noite de 1\u00b0 de abril, ao convento das S\u0153urs de Notre Dame de la Salette de Antsahatanteraka Antsirabe, com viol\u00eancia sexual contra algumas religiosas e postulantes (veja Fides 08\/04\/2017). De acordo com a imprensa local em cinco semanas foram registrados quatro assaltos com saqueio a tantos conventos.<\/p>\n<p style=\"text-align: justify;\">\u00a0<\/p>\n<p style=\"text-align: justify;\">Fonte: Ag\u00eancia Fides<\/p>\n","protected":false},"excerpt":{"rendered":"<p>Antananarivo (Ag\u00eancia Fides) &#8211; Um capuchinho malgaxe de 46 anos, Pe. Lucien Njiva, foi assassinado na noite entre s\u00e1bado 22 e domingo 23 de abril, no convento de Ambendrana Antsohihy.Segundo a Ag\u00eancia Fides, Pe. Eric Franck Randriamiandrinirinarivo, Diretor de R\u00e1dio Dom Bosco Madagascar, \u201cpor volta de uma da manh\u00e3, cinco bandidos entraram no convento, agredindo [&hellip;]<\/p>\n","protected":false},"author":1,"featured_media":29675,"comment_status":"open","ping_status":"open","sticky":false,"template":"","format":"standard","meta":{"footnotes":""},"categories":[4],"tags":[],"class_list":["post-29676","post","type-post","status-publish","format-standard","has-post-thumbnail","hentry","category-cotidiano"],"_links":{"self":[{"href":"https:\/\/catolicanet.net\/wp-cnet\/wp-json\/wp\/v2\/posts\/29676","targetHints":{"allow":["GET"]}}],"collection":[{"href":"https:\/\/catolicanet.net\/wp-cnet\/wp-json\/wp\/v2\/posts"}],"about":[{"href":"https:\/\/catolicanet.net\/wp-cnet\/wp-json\/wp\/v2\/types\/post"}],"author":[{"embeddable":true,"href":"https:\/\/catolicanet.net\/wp-cnet\/wp-json\/wp\/v2\/users\/1"}],"replies":[{"embeddable":true,"href":"https:\/\/catolicanet.net\/wp-cnet\/wp-json\/wp\/v2\/comments?post=29676"}],"version-history":[{"count":1,"href":"https:\/\/catolicanet.net\/wp-cnet\/wp-json\/wp\/v2\/posts\/29676\/revisions"}],"predecessor-version":[{"id":30906,"href":"https:\/\/catolicanet.net\/wp-cnet\/wp-json\/wp\/v2\/posts\/29676\/revisions\/30906"}],"wp:featuredmedia":[{"embeddable":true,"href":"https:\/\/catolicanet.net\/wp-cnet\/wp-json\/wp\/v2\/media\/29675"}],"wp:attachment":[{"href":"https:\/\/catolicanet.net\/wp-cnet\/wp-json\/wp\/v2\/media?parent=29676"}],"wp:term":[{"taxonomy":"category","embeddable":true,"href":"https:\/\/catolicanet.net\/wp-cnet\/wp-json\/wp\/v2\/categories?post=29676"},{"taxonomy":"post_tag","embeddable":true,"href":"https:\/\/catolicanet.net\/wp-cnet\/wp-json\/wp\/v2\/tags?post=29676"}],"curies":[{"name":"wp","href":"https:\/\/api.w.org\/{rel}","templated":true}]}}