{"id":29674,"date":"2017-04-27T17:58:06","date_gmt":"2017-04-27T20:58:06","guid":{"rendered":"http:\/\/catolicanet.net\/wp-cnet\/2017\/04\/27\/incendios-bispos-pedem-compromisso-de-toda-a-sociedade-para-contrariar-um-lflagelo-com-proporcoes-quase-incontrolaveisr\/"},"modified":"2017-06-08T16:20:17","modified_gmt":"2017-06-08T19:20:17","slug":"incendios-bispos-pedem-compromisso-de-toda-a-sociedade-para-contrariar-um-lflagelo-com-proporcoes-quase-incontrolaveisr","status":"publish","type":"post","link":"https:\/\/catolicanet.net\/wp-cnet\/incendios-bispos-pedem-compromisso-de-toda-a-sociedade-para-contrariar-um-lflagelo-com-proporcoes-quase-incontrolaveisr\/","title":{"rendered":"Inc\u00eandios: Bispos pedem compromisso de toda a sociedade para contrariar um \u00abflagelo com propor\u00e7\u00f5es quase incontrol\u00e1veis\u00bb"},"content":{"rendered":"<p style=\"text-align: justify;\"><img decoding=\"async\" src=\"http:\/\/www.catolicanet.com.br\/images\/stories\/noticias2017\/fogo_porto.jpg\" border=\"0\" align=\"left\" \/>&#8220;Parece que se entra na \u00e9poca dos inc\u00eandios como se entra na \u00e9poca balnear&#8221; &#8211; D. Manuel Clemente<\/p>\n<p>F\u00e1tima, 27 abr 2017 (Ecclesia) \u2013 A Confer\u00eancia Episcopal Portuguesa denunciou hoje \u201ccomportamentos criminosos\u201d que est\u00e3o na origem do \u201cflagelo\u201d dos inc\u00eandios e pede a toda a sociedade que se mobilize para contrariar uma \u201cchaga\u201d de \u201cpropor\u00e7\u00f5es quase incontrol\u00e1veis\u201d.<\/p>\n<p>Na nota pastoral \u201cCuidar da casa comum \u2013 prevenir e evitar os inc\u00eandios\u201d, o episcopado portugu\u00eas afirma que Portugal \u201ctem sido de tal modo assolado por inc\u00eandios que estes se tornaram um aut\u00eantico flagelo com propor\u00e7\u00f5es quase incontrol\u00e1veis\u201d.<\/p>\n<p>\u201cQue fazer? Vamos resignar-nos a uma chaga com tais dimens\u00f5es, como se de uma fatalidade imposs\u00edvel de contrariar se tratasse? De modo algum\u201d, alerta a Confer\u00eancia Episcopal Portuguesa (CEP).<\/p>\n<p>Em confer\u00eancia de imprensa, o presidente da CEP disse que \u201cparece que se entra na \u00e9poca dos inc\u00eandios como se entra na \u00e9poca balnear\u201d.<\/p>\n<p>Para D. Manuel Clemente, os portugueses n\u00e3o se podem \u201chabituar\u201d ao flagelo dos inc\u00eandios porque \u201cafeta gravemente as popula\u00e7\u00f5es\u201d e \u00e9 uma \u201cperda grav\u00edssima\u201d para o patrim\u00f4nio natural.<\/p>\n<p>\u201cN\u00e3o nos podemos acomodar\u201d, afirmou o presidente da CEP, recordando que na primeira reuni\u00e3o dos bispos de Portugal, em 1926, o assunto foi tamb\u00e9m abordado, referindo-se o episcopado da altura ao \u201cproblema do fogo posto\u201d.<\/p>\n<p>A CEP recorda que \u201cas causas do flagelo dependem direta ou indiretamente da vontade humana\u201d, tendo \u201cna origem de muitos inc\u00eandios, talvez da maioria, est\u00e3o comportamentos criminosos, uns intencionais, outros pelo menos negligentes\u201d.<\/p>\n<p>\u201cH\u00e1 que apurar n\u00e3o apenas as causas da dimens\u00e3o desta pr\u00e1tica \u2013 o que verdadeiramente ainda se n\u00e3o conseguiu at\u00e9 hoje \u2013 como h\u00e1 sobretudo que detetar e combater interesses que dela possam beneficiar\u201d, sublinharam os bispos de Portugal.<\/p>\n<p>O episcopado alertou para a necessidade do \u201cestado de conserva\u00e7\u00e3o em que se encontram os terrenos e as florestas\u201d, considerando que as exig\u00eancias colocadas na \u201climpeza das matas e de ordenamento territorial\u201d \u201cpodem ultrapassar as capacidades dos propriet\u00e1rios, quando os terrenos lhes proporcionam rendimentos escassos\u201d.<\/p>\n<p>Para os bispos de Portugal, \u00e9 necess\u00e1rio \u201capoiar os propriet\u00e1rios com outros incentivos\u201d e o Estado deve ser \u201co primeiro a dar o exemplo no cumprimento das exig\u00eancias que imp\u00f5e\u201d.<\/p>\n<p>A Confer\u00eancia Episcopal Portuguesa pede uma \u201cmudan\u00e7a de mentalidade e h\u00e1bitos sociais\u201d e desafia toda a sociedade a mobilizar-se nas \u201csuas diversas inst\u00e2ncias\u201d, nomeadamente o Estado, a Igreja Cat\u00f3lica e todas as outras confiss\u00f5es religiosas\u201d, as autarquias, as escolas, a comunica\u00e7\u00e3o social e \u201cas mais variadas associa\u00e7\u00f5es e muitas outras institui\u00e7\u00f5es, seja qual for a sua dimens\u00e3o\u201d, de \u201cforma consertada\u201d.<\/p>\n<p>&#8220;Apelamos \u00e0s comunidades crist\u00e3s a que tudo fa\u00e7am para comprometer os seus membros nesta causa que \u00e9 t\u00e3o crist\u00e3 quanto humana&#8221;, concluem os bispos de Portugal na nota pastoral publicada no fim da 191\u00aa assembleia plen\u00e1ria d Confer\u00eancia Episcopal Portuguesa, que hoje terminou em F\u00e1tima.<\/p>\n<p style=\"text-align: justify;\">\u00a0<\/p>\n<p style=\"text-align: justify;\">Fonte: Ag\u00eancia Ecclesia<\/p>\n","protected":false},"excerpt":{"rendered":"<p>&#8220;Parece que se entra na \u00e9poca dos inc\u00eandios como se entra na \u00e9poca balnear&#8221; &#8211; D. Manuel Clemente F\u00e1tima, 27 abr 2017 (Ecclesia) \u2013 A Confer\u00eancia Episcopal Portuguesa denunciou hoje \u201ccomportamentos criminosos\u201d que est\u00e3o na origem do \u201cflagelo\u201d dos inc\u00eandios e pede a toda a sociedade que se mobilize para contrariar uma \u201cchaga\u201d de \u201cpropor\u00e7\u00f5es [&hellip;]<\/p>\n","protected":false},"author":1,"featured_media":16955,"comment_status":"open","ping_status":"open","sticky":false,"template":"","format":"standard","meta":{"footnotes":""},"categories":[4],"tags":[],"class_list":["post-29674","post","type-post","status-publish","format-standard","has-post-thumbnail","hentry","category-cotidiano"],"_links":{"self":[{"href":"https:\/\/catolicanet.net\/wp-cnet\/wp-json\/wp\/v2\/posts\/29674","targetHints":{"allow":["GET"]}}],"collection":[{"href":"https:\/\/catolicanet.net\/wp-cnet\/wp-json\/wp\/v2\/posts"}],"about":[{"href":"https:\/\/catolicanet.net\/wp-cnet\/wp-json\/wp\/v2\/types\/post"}],"author":[{"embeddable":true,"href":"https:\/\/catolicanet.net\/wp-cnet\/wp-json\/wp\/v2\/users\/1"}],"replies":[{"embeddable":true,"href":"https:\/\/catolicanet.net\/wp-cnet\/wp-json\/wp\/v2\/comments?post=29674"}],"version-history":[{"count":1,"href":"https:\/\/catolicanet.net\/wp-cnet\/wp-json\/wp\/v2\/posts\/29674\/revisions"}],"predecessor-version":[{"id":30907,"href":"https:\/\/catolicanet.net\/wp-cnet\/wp-json\/wp\/v2\/posts\/29674\/revisions\/30907"}],"wp:featuredmedia":[{"embeddable":true,"href":"https:\/\/catolicanet.net\/wp-cnet\/wp-json\/wp\/v2\/media\/16955"}],"wp:attachment":[{"href":"https:\/\/catolicanet.net\/wp-cnet\/wp-json\/wp\/v2\/media?parent=29674"}],"wp:term":[{"taxonomy":"category","embeddable":true,"href":"https:\/\/catolicanet.net\/wp-cnet\/wp-json\/wp\/v2\/categories?post=29674"},{"taxonomy":"post_tag","embeddable":true,"href":"https:\/\/catolicanet.net\/wp-cnet\/wp-json\/wp\/v2\/tags?post=29674"}],"curies":[{"name":"wp","href":"https:\/\/api.w.org\/{rel}","templated":true}]}}