{"id":29672,"date":"2017-04-28T03:00:00","date_gmt":"2017-04-28T06:00:00","guid":{"rendered":"http:\/\/catolicanet.net\/wp-cnet\/2017\/04\/28\/trabalho-chave-da-questao-social\/"},"modified":"2017-06-08T16:17:53","modified_gmt":"2017-06-08T19:17:53","slug":"trabalho-chave-da-questao-social","status":"publish","type":"post","link":"https:\/\/catolicanet.net\/wp-cnet\/trabalho-chave-da-questao-social\/","title":{"rendered":"Trabalho: chave da quest\u00e3o social"},"content":{"rendered":"<p style=\"text-align: justify;\"><img decoding=\"async\" src=\"http:\/\/www.catolicanet.com.br\/images\/stories\/artigos\/dom rodolfo 3.jpg\" border=\"0\" align=\"left\" \/>Em 14 de setembro de 1981, S\u00e3o Jo\u00e3o Paulo II publicava a carta enc\u00edclica Laborem Exercens \u2013 sobre o trabalho humano. Afirmava \u201cque o trabalho humano \u00e9 uma chave, provavelmente a chave essencial, de toda quest\u00e3o social, se n\u00f3s procurarmos v\u00ea-la verdadeiramente sob o ponto de vista do bem do homem\u201d (n\u00ba 3).<br \/>O Dia do Trabalhador ou Dia do Trabalho, neste ano, est\u00e1 dentro de um momento hist\u00f3rico muito problem\u00e1tico: grande desemprego, Reforma das Leis Trabalhistas, Reforma da Previd\u00eancia, corrup\u00e7\u00f5es e outros problemas mais. Grandes problemas que exigem grandes esfor\u00e7os, estudos, debates e aprofundamentos para que se encontrem solu\u00e7\u00f5es que gerem o bem comum. Considerando que bem comum \u00e9 o conjunto daquelas condi\u00e7\u00f5es da vida social que permitem a cada um e aos grupos atingirem mais completamente a perfei\u00e7\u00e3o. O privil\u00e9gio de um grupo \u00e9 uma injusti\u00e7a institucionalizada contra os outros cidad\u00e3os, especialmente os mais pobres, pois deste modo se mant\u00eam a desigualdade ou ainda a torna pior.<br \/>O ensinamento social contido na Laborem Exercens enriquece o debate atual. O trabalho humano \u00e9 abordado em quatro dimens\u00f5es: antropol\u00f3gica, \u00e9tica, hist\u00f3rica e teol\u00f3gica. As dimens\u00f5es n\u00e3o podem ser tratadas de modo independente, pois se entrela\u00e7am. Uma antropologia do trabalho \u00e9, ao mesmo tempo, filos\u00f3fica e teol\u00f3gica, mas tamb\u00e9m quer descobrir as exig\u00eancias \u00e9ticas que da\u00ed derivam, sem excluir o momento hist\u00f3rico da realidade do trabalho.<br \/>O trabalho se constitui uma dimens\u00e3o fundamental da exist\u00eancia humana na terra atrav\u00e9s do qual o homem satisfaz as suas necessidades e se realiza como ser humano e criatura feita \u00e0 imagem de Deus. O trabalho n\u00e3o se constitui como uma atividade isolada. Para falar de trabalho \u00e9 preciso falar de quem trabalha. O trabalho est\u00e1 \u2018em fun\u00e7\u00e3o do homem\u2019 e n\u00e3o o homem \u2018em fun\u00e7\u00e3o do trabalho\u2019. A dignidade do trabalho est\u00e1 no homem que o realiza, e n\u00e3o no produto resultante. Ao mesmo tempo, o homem no trabalho realiza-se a si mesmo como pessoa humana, possibilita a vida familiar e colabora na constru\u00e7\u00e3o da sociedade. <br \/>Da dignidade do trabalhador e do seu trabalho derivam exig\u00eancias \u00e9ticas, com uma s\u00e9rie direitos e deveres. O trabalho humano n\u00e3o se limita \u00e0 atividade produtiva, mas se estende a toda atividade na qual o homem age enquanto ser livre e inteligente. O trabalho tem um car\u00e1ter coletivo, \u00e9 uma atividade de toda a humanidade, cujos os frutos se acumulam formando um \u201cpatrim\u00f4nio hist\u00f3rico do trabalho humano\u201d (n\u00ba 12). Toda tecnologia desenvolvida, com seus instrumentos, torna-se um verdadeiro patrim\u00f4nio para a gera\u00e7\u00e3o seguinte. <br \/>No trabalho ressaltam-se essencialmente as rela\u00e7\u00f5es entre as pessoas. Compet\u00eancia profissional se mistura com sentimentos e emo\u00e7\u00f5es, revelando que o trabalhador e o seu trabalho n\u00e3o se reduzem a uma mercadoria comprada que gera outro bem. A primazia est\u00e1 na pessoa e n\u00e3o na mat\u00e9ria.<br \/>Em tempos de desemprego, vale lembrar que o trabalho \u00e9 um direito que n\u00e3o depende somente do sujeito que trabalha, nem somente do empregador. Depende de uma a\u00e7\u00e3o da sociedade, em escala nacional e internacional, mas boa parte \u00e9 responsabilidade do Estado criando condi\u00e7\u00f5es ao trabalho.<\/p>\n<p style=\"text-align: justify;\">\u00a0<\/p>\n<p style=\"text-align: justify;\">Dom Rodolfo Lu\u00eds Weber<br \/>Arcebispo de Passo Fundo<br \/>27 de abril de 2017<\/p>\n","protected":false},"excerpt":{"rendered":"<p>Em 14 de setembro de 1981, S\u00e3o Jo\u00e3o Paulo II publicava a carta enc\u00edclica Laborem Exercens \u2013 sobre o trabalho humano. Afirmava \u201cque o trabalho humano \u00e9 uma chave, provavelmente a chave essencial, de toda quest\u00e3o social, se n\u00f3s procurarmos v\u00ea-la verdadeiramente sob o ponto de vista do bem do homem\u201d (n\u00ba 3).O Dia do [&hellip;]<\/p>\n","protected":false},"author":18,"featured_media":18023,"comment_status":"open","ping_status":"open","sticky":false,"template":"","format":"standard","meta":{"footnotes":""},"categories":[9],"tags":[],"class_list":["post-29672","post","type-post","status-publish","format-standard","has-post-thumbnail","hentry","category-artigos"],"_links":{"self":[{"href":"https:\/\/catolicanet.net\/wp-cnet\/wp-json\/wp\/v2\/posts\/29672","targetHints":{"allow":["GET"]}}],"collection":[{"href":"https:\/\/catolicanet.net\/wp-cnet\/wp-json\/wp\/v2\/posts"}],"about":[{"href":"https:\/\/catolicanet.net\/wp-cnet\/wp-json\/wp\/v2\/types\/post"}],"author":[{"embeddable":true,"href":"https:\/\/catolicanet.net\/wp-cnet\/wp-json\/wp\/v2\/users\/18"}],"replies":[{"embeddable":true,"href":"https:\/\/catolicanet.net\/wp-cnet\/wp-json\/wp\/v2\/comments?post=29672"}],"version-history":[{"count":1,"href":"https:\/\/catolicanet.net\/wp-cnet\/wp-json\/wp\/v2\/posts\/29672\/revisions"}],"predecessor-version":[{"id":30903,"href":"https:\/\/catolicanet.net\/wp-cnet\/wp-json\/wp\/v2\/posts\/29672\/revisions\/30903"}],"wp:featuredmedia":[{"embeddable":true,"href":"https:\/\/catolicanet.net\/wp-cnet\/wp-json\/wp\/v2\/media\/18023"}],"wp:attachment":[{"href":"https:\/\/catolicanet.net\/wp-cnet\/wp-json\/wp\/v2\/media?parent=29672"}],"wp:term":[{"taxonomy":"category","embeddable":true,"href":"https:\/\/catolicanet.net\/wp-cnet\/wp-json\/wp\/v2\/categories?post=29672"},{"taxonomy":"post_tag","embeddable":true,"href":"https:\/\/catolicanet.net\/wp-cnet\/wp-json\/wp\/v2\/tags?post=29672"}],"curies":[{"name":"wp","href":"https:\/\/api.w.org\/{rel}","templated":true}]}}