{"id":29666,"date":"2017-04-27T16:32:50","date_gmt":"2017-04-27T19:32:50","guid":{"rendered":"http:\/\/catolicanet.net\/wp-cnet\/2017\/04\/27\/dia-do-trabalhador-pastoral-operaria-divulga-nota\/"},"modified":"2017-06-08T16:23:15","modified_gmt":"2017-06-08T19:23:15","slug":"dia-do-trabalhador-pastoral-operaria-divulga-nota","status":"publish","type":"post","link":"https:\/\/catolicanet.net\/wp-cnet\/dia-do-trabalhador-pastoral-operaria-divulga-nota\/","title":{"rendered":"Dia do Trabalhador: Pastoral Oper\u00e1ria divulga nota"},"content":{"rendered":"<p style=\"text-align: justify;\"><img decoding=\"async\" src=\"http:\/\/www.catolicanet.com.br\/images\/stories\/noticias2017\/b73f0d59cartaz-1-de-maio-2400x1524_c.jpg\" border=\"0\" align=\"left\" \/>Dia do Trabalhador: Pastoral Oper\u00e1ria divulga nota\u00a0\u00a0\u00a0 <\/p>\n<p>Para refor\u00e7ar apoio ao dia do trabalhador, comemorado na segunda, 1\u00ba de maio, a Pastoral Oper\u00e1ria Nacional divulgou nota na qual repudia a retirada dos direitos da classe trabalhadora. No texto, a pastoral afirma que \u201co trabalho digno \u00e9 direito de todos e lutar por ele \u00e9 dever de todos\u201d.<\/p>\n<p>Confira, abaixo, a nota na \u00edntegra:<\/p>\n<p>Nota da Pastoral Oper\u00e1ria Nacional sobre o 1\u00ba de Maio de 2017<\/p>\n<p>O p\u00e3o dos indigentes \u00e9 a vida dos pobres, e quem tira a vida dos pobres \u00e9 assassino. Mata o pr\u00f3ximo quem lhe tira seus meios de vida, e derrama sangue quem priva o oper\u00e1rio de seu sal\u00e1rio.\u201d.<br \/>(Eclesi\u00e1stico 34, 21-22).<\/p>\n<p>No dia internacional do trabalhador e da trabalhadora, a classe trabalhadora enfrenta mudan\u00e7as no Mundo do Trabalho que prometem ser hist\u00f3ricas na longa caminhada de conflitos entre Capital e Trabalho.<\/p>\n<p>Vivemos hoje o extremo da gan\u00e2ncia da burguesia capitalista, na qual os \u201cdonos do poder\u201d declaram que n\u00e3o bastam as reformas (trabalhista, previd\u00eancia, terceiriza\u00e7\u00e3o, educa\u00e7\u00e3o, pol\u00edtica), mas querem mais. Mesmo com tudo que as estruturas de poder pol\u00edtico e econ\u00f4mico tem feito, destruindo direitos conquistados com suor, sangue e vida dos que trabalham, vendendo a \u00fanica coisa que possuem, sua vitalidade, sua energia, o sistema econ\u00f4mico ainda quer mais.<\/p>\n<p>Assistimos, at\u00f4nitos, o governo de Michel Temer, um Congresso Nacional sustentado em seus alicerces pela corrup\u00e7\u00e3o, com o dinheiro daqueles que tudo produzem, tudo contribuem, com pesados impostos e assistem a riqueza dos que vegetam como vermes por sobre a mis\u00e9ria, fome e corpo sem vida por n\u00e3o ter o necess\u00e1rio para viver.<\/p>\n<p>Cresce a fileira dos que foram jogados para fora do direito ao trabalho, do direito a morar com dignidade. Mas assistimos a gan\u00e2ncia dos que corrompem com os que s\u00e3o corrompidos, preocupados unicamente em acumular, mesmo que para isso destruam sonhos, oferecendo a ilus\u00e3o de uma sociedade de fartura que na verdade gera a cultura do ter em detrimento do ser.<\/p>\n<p>\u00c9 nesta sociedade que \u201cMata o pr\u00f3ximo quem lhe tira seus meios de vida, e derrama sangue quem priva o oper\u00e1rio de seu sal\u00e1rio\u201d (Eclo 34, 22), que est\u00e1 a consumir \u201cO p\u00e3o dos indigentes \u00e9 a vida dos pobres\u201d (Eclo 34, 21).<br \/>No livro do \u00eaxodo Deus disse: Eu vi, eu vi a mis\u00e9ria do meu povo que est\u00e1 no Egito. Ouvi o seu grito por causa de seus opressores; pois eu conhe\u00e7o as suas ang\u00fastias. Por isso desci a fim de libert\u00e1-lo da m\u00e3o dos eg\u00edpcios, e faz\u00ea-lo subir desta terra para uma terra boa e vasta, terra que emana leite e mel (Ex 3,7-8).<\/p>\n<p>Deste modo, repudiamos todas as reformas desse governo da maneira que est\u00e1 sendo imposta, a alian\u00e7a entre capital e pol\u00edtica para retirar direitos da classe trabalhadora. E reafirmamos que o trabalho digno \u00e9 nosso direito, lutar por ele \u00e9 nosso dever! Por isso seguimos na defesa incondicional dos direitos do povo trabalhador, nas organiza\u00e7\u00f5es pastorais, sociais, nos partidos, sindicatos, sobretudo nas bases, por nenhum direito a menos!<\/p>\n<p>Que Deus nos ajude!<\/p>\n<p style=\"text-align: justify;\">\u00a0<\/p>\n<p style=\"text-align: justify;\">Fonte: CNBB<\/p>\n","protected":false},"excerpt":{"rendered":"<p>Dia do Trabalhador: Pastoral Oper\u00e1ria divulga nota\u00a0\u00a0\u00a0 Para refor\u00e7ar apoio ao dia do trabalhador, comemorado na segunda, 1\u00ba de maio, a Pastoral Oper\u00e1ria Nacional divulgou nota na qual repudia a retirada dos direitos da classe trabalhadora. No texto, a pastoral afirma que \u201co trabalho digno \u00e9 direito de todos e lutar por ele \u00e9 dever [&hellip;]<\/p>\n","protected":false},"author":1,"featured_media":29665,"comment_status":"open","ping_status":"open","sticky":false,"template":"","format":"standard","meta":{"footnotes":""},"categories":[7],"tags":[],"class_list":["post-29666","post","type-post","status-publish","format-standard","has-post-thumbnail","hentry","category-cnbb"],"_links":{"self":[{"href":"https:\/\/catolicanet.net\/wp-cnet\/wp-json\/wp\/v2\/posts\/29666","targetHints":{"allow":["GET"]}}],"collection":[{"href":"https:\/\/catolicanet.net\/wp-cnet\/wp-json\/wp\/v2\/posts"}],"about":[{"href":"https:\/\/catolicanet.net\/wp-cnet\/wp-json\/wp\/v2\/types\/post"}],"author":[{"embeddable":true,"href":"https:\/\/catolicanet.net\/wp-cnet\/wp-json\/wp\/v2\/users\/1"}],"replies":[{"embeddable":true,"href":"https:\/\/catolicanet.net\/wp-cnet\/wp-json\/wp\/v2\/comments?post=29666"}],"version-history":[{"count":1,"href":"https:\/\/catolicanet.net\/wp-cnet\/wp-json\/wp\/v2\/posts\/29666\/revisions"}],"predecessor-version":[{"id":30912,"href":"https:\/\/catolicanet.net\/wp-cnet\/wp-json\/wp\/v2\/posts\/29666\/revisions\/30912"}],"wp:featuredmedia":[{"embeddable":true,"href":"https:\/\/catolicanet.net\/wp-cnet\/wp-json\/wp\/v2\/media\/29665"}],"wp:attachment":[{"href":"https:\/\/catolicanet.net\/wp-cnet\/wp-json\/wp\/v2\/media?parent=29666"}],"wp:term":[{"taxonomy":"category","embeddable":true,"href":"https:\/\/catolicanet.net\/wp-cnet\/wp-json\/wp\/v2\/categories?post=29666"},{"taxonomy":"post_tag","embeddable":true,"href":"https:\/\/catolicanet.net\/wp-cnet\/wp-json\/wp\/v2\/tags?post=29666"}],"curies":[{"name":"wp","href":"https:\/\/api.w.org\/{rel}","templated":true}]}}