{"id":29664,"date":"2017-04-27T16:19:00","date_gmt":"2017-04-27T19:19:00","guid":{"rendered":"http:\/\/catolicanet.net\/wp-cnet\/2017\/04\/27\/card-scherer-qleis-trabalhistas-devem-incluir-nao-excluirq\/"},"modified":"2017-06-08T16:23:50","modified_gmt":"2017-06-08T19:23:50","slug":"card-scherer-qleis-trabalhistas-devem-incluir-nao-excluirq","status":"publish","type":"post","link":"https:\/\/catolicanet.net\/wp-cnet\/card-scherer-qleis-trabalhistas-devem-incluir-nao-excluirq\/","title":{"rendered":"Card. Scherer: &#8220;Leis trabalhistas devem incluir, n\u00e3o excluir&#8221;"},"content":{"rendered":"<p style=\"text-align: justify;\"><img decoding=\"async\" src=\"http:\/\/www.catolicanet.com.br\/images\/stories\/noticias2017\/reuters1763729_articolo.jpg\" border=\"0\" align=\"left\" \/>Aparecida (RV) &#8211; \u201cA reforma da Previd\u00eancia \u00e9 necess\u00e1ria, mas deve ser feita de forma a n\u00e3o onerar os pobres e corrigir as distor\u00e7\u00f5es que tornariam invi\u00e1vel a previd\u00eancia social em poucos anos\u201d. A opini\u00e3o \u00e9 do Cardeal-arcebispo de S\u00e3o Paulo, Odilo Pedro Scherer, entrevistado pela RV em Aparecida, no \u00e2mbito da 55\u00aa Assembleia geral do Episcopado Brasileiro. Dom Odilo aborda tamb\u00e9m a tem\u00e1tica da Assembleia e antecipa os outros temas a ser tratados.<\/p>\n<p>\u201cEste \u00e9 um debate que j\u00e1 est\u00e1 correndo faz tempo na sociedade, nos \u00e2mbitos pol\u00edticos, e que chegou uma hora que tem que ser enfrentado. A reforma da previd\u00eancia mas gostar\u00edamos que fosse feita da melhor forma, de modo a n\u00e3o onerar os pobres e a corrigir certas distor\u00e7\u00f5es que tornariam invi\u00e1vel a previd\u00eancia social em poucos anos. A reforma trabalhista tamb\u00e9m precisa ser feita, nossas leis trabalhistas s\u00e3o de muito tempo atr\u00e1s; atualmente h\u00e1 muitas distor\u00e7\u00f5es que de um lado, d\u00e3o garantias a quem est\u00e1 no mercado de trabalho, quem tem um emprego, mas que excluem, deixam de fora aqueles que est\u00e3o fora do mercado de trabalho. Ent\u00e3o precisa ser adequada, toda esta legisla\u00e7\u00e3o trabalhista para abrir mais, dar condi\u00e7\u00f5es de mais gente entrar no mercado de trabalho formal, regulado pelas leis trabalhistas. <\/p>\n<p>Ou\u00e7a a integra de sua entrevista a Silvonei Jos\u00e9, <a href=\"http:\/\/media02.radiovaticana.va\/audio\/audio2\/mp3\/00579453.mp3\">clicando aqui:<\/a><\/p>\n<p style=\"text-align: justify;\">\u00a0<\/p>\n<p style=\"text-align: justify;\">Fonte: R\u00e1dio Vaticano<\/p>\n<p style=\"text-align: justify;\">\u00a0<\/p>\n<p style=\"text-align: justify;\">Fonte: R\u00e1dio Vaticano<\/p>\n","protected":false},"excerpt":{"rendered":"<p>Aparecida (RV) &#8211; \u201cA reforma da Previd\u00eancia \u00e9 necess\u00e1ria, mas deve ser feita de forma a n\u00e3o onerar os pobres e corrigir as distor\u00e7\u00f5es que tornariam invi\u00e1vel a previd\u00eancia social em poucos anos\u201d. A opini\u00e3o \u00e9 do Cardeal-arcebispo de S\u00e3o Paulo, Odilo Pedro Scherer, entrevistado pela RV em Aparecida, no \u00e2mbito da 55\u00aa Assembleia geral [&hellip;]<\/p>\n","protected":false},"author":1,"featured_media":29663,"comment_status":"open","ping_status":"open","sticky":false,"template":"","format":"standard","meta":{"footnotes":""},"categories":[3],"tags":[],"class_list":["post-29664","post","type-post","status-publish","format-standard","has-post-thumbnail","hentry","category-vaticano"],"_links":{"self":[{"href":"https:\/\/catolicanet.net\/wp-cnet\/wp-json\/wp\/v2\/posts\/29664","targetHints":{"allow":["GET"]}}],"collection":[{"href":"https:\/\/catolicanet.net\/wp-cnet\/wp-json\/wp\/v2\/posts"}],"about":[{"href":"https:\/\/catolicanet.net\/wp-cnet\/wp-json\/wp\/v2\/types\/post"}],"author":[{"embeddable":true,"href":"https:\/\/catolicanet.net\/wp-cnet\/wp-json\/wp\/v2\/users\/1"}],"replies":[{"embeddable":true,"href":"https:\/\/catolicanet.net\/wp-cnet\/wp-json\/wp\/v2\/comments?post=29664"}],"version-history":[{"count":1,"href":"https:\/\/catolicanet.net\/wp-cnet\/wp-json\/wp\/v2\/posts\/29664\/revisions"}],"predecessor-version":[{"id":30913,"href":"https:\/\/catolicanet.net\/wp-cnet\/wp-json\/wp\/v2\/posts\/29664\/revisions\/30913"}],"wp:featuredmedia":[{"embeddable":true,"href":"https:\/\/catolicanet.net\/wp-cnet\/wp-json\/wp\/v2\/media\/29663"}],"wp:attachment":[{"href":"https:\/\/catolicanet.net\/wp-cnet\/wp-json\/wp\/v2\/media?parent=29664"}],"wp:term":[{"taxonomy":"category","embeddable":true,"href":"https:\/\/catolicanet.net\/wp-cnet\/wp-json\/wp\/v2\/categories?post=29664"},{"taxonomy":"post_tag","embeddable":true,"href":"https:\/\/catolicanet.net\/wp-cnet\/wp-json\/wp\/v2\/tags?post=29664"}],"curies":[{"name":"wp","href":"https:\/\/api.w.org\/{rel}","templated":true}]}}