{"id":29658,"date":"2017-04-27T16:03:05","date_gmt":"2017-04-27T19:03:05","guid":{"rendered":"http:\/\/catolicanet.net\/wp-cnet\/2017\/04\/27\/ritual-de-iniciacao-a-vida-crista-de-adultos-rica-inspirou-a-tematica-da-55o-assembleia-geral-da-cnbb\/"},"modified":"2017-06-08T16:27:48","modified_gmt":"2017-06-08T19:27:48","slug":"ritual-de-iniciacao-a-vida-crista-de-adultos-rica-inspirou-a-tematica-da-55o-assembleia-geral-da-cnbb","status":"publish","type":"post","link":"https:\/\/catolicanet.net\/wp-cnet\/ritual-de-iniciacao-a-vida-crista-de-adultos-rica-inspirou-a-tematica-da-55o-assembleia-geral-da-cnbb\/","title":{"rendered":"Ritual de Inicia\u00e7\u00e3o \u00e0 Vida Crist\u00e3 de Adultos (RICA) inspirou a tem\u00e1tica da 55\u00aa Assembleia Geral da CNBB"},"content":{"rendered":"<p style=\"text-align: justify;\"><img decoding=\"async\" src=\"http:\/\/www.catolicanet.com.br\/images\/stories\/bispos\/dom-scherer-2400x1524_c.jpg\" border=\"0\" align=\"left\" \/>Ritual de Inicia\u00e7\u00e3o \u00e0 Vida Crist\u00e3 de Adultos (RICA) inspirou a tem\u00e1tica da 55\u00aa Assembleia Geral da CNBB\u00a0\u00a0\u00a0 <\/p>\n<p>O Ritual de Inicia\u00e7\u00e3o \u00e0 Vida Crist\u00e3 de Adultos (Rica) \u00e9 destinado \u00e0 inicia\u00e7\u00e3o de adultos na vida crist\u00e3. O Documento da Santa S\u00e9, publicado em 1972 a pedido do Conc\u00edlio Vaticano II e reeditado no Brasil em 2001, descreve os ritos do catecumenato (processo progressivo de desenvolvimento da f\u00e9) e retoma a unidade dos sacramentos da inicia\u00e7\u00e3o crist\u00e3: o Batismo, a Eucaristia e a Crisma.<\/p>\n<p>O livro \u00e9 um dos instrumentos de trabalho que inspirou a tem\u00e1tica central da 55\u00ba Assembleia Geral da Confer\u00eancia Nacional dos Bispos do Brasil \u201cInicia\u00e7\u00e3o \u00e0 Vida Crist\u00e3\u201d. Segundo o presidente da entidade, cardeal Sergio da Rocha, o momento \u00e9 de dar impulso na inicia\u00e7\u00e3o crist\u00e3 como um todo: \u201cQuando se falava de Inicia\u00e7\u00e3o Crist\u00e3 se pensava apenas na Inicia\u00e7\u00e3o Crist\u00e3 de Adultos, no Ritual de Adultos, mas \u00e9 claro que vamos dinamizar, impulsionar e valorizar ainda mais a inicia\u00e7\u00e3o crist\u00e3 como um todo\u201d, disse. \u201cQueremos revalorizar, dinamizar a pr\u00f3pria catequese de inicia\u00e7\u00e3o crist\u00e3\u201d, completou.<\/p>\n<p>Ao folhear o Rica, o leitor encontrar\u00e1 passos a serem executados (itiner\u00e1rios). Essas etapas visam o conhecimento e a ades\u00e3o da pessoa \u00e0 f\u00e9 crist\u00e3. O Documento \u00e9 organizado em: \u201ctempo de convers\u00e3o\u201d (kerigma, pr\u00e9-catecumenato); \u201ctempo da prepara\u00e7\u00e3o\u201d (catequese, elei\u00e7\u00e3o) e \u201ctempo da recep\u00e7\u00e3o dos Sacramentos (purifica\u00e7\u00e3o\/ilumina\u00e7\u00e3o\/mistagogia). Na primeira etapa \u2013 a da convers\u00e3o \u2013 \u00e9 poss\u00edvel ter contato com os primeiros encontros. \u00c9 neste momento que acontece a celebra\u00e7\u00e3o de acolhida e apresenta\u00e7\u00e3o dos candidatos \u00e0 comunidade.<\/p>\n<p>Passo a passo do crist\u00e3o<\/p>\n<p>No tempo da prepara\u00e7\u00e3o, o crist\u00e3o tem a oportunidade de se aprofundar em conte\u00fados associados a no\u00e7\u00f5es da B\u00edblia, Liturgia, Espiritualidade, Credo e os Sacramentos. J\u00e1 na \u00faltima etapa, a da Recep\u00e7\u00e3o dos Sacramentos, o candidato \u00e9 admitido na f\u00e9 da Igreja.<\/p>\n<p>Segundo o arcebispo de Curitiba e presidente da Comiss\u00e3o para a Anima\u00e7\u00e3o B\u00edblico-Catequ\u00e9tica da CNBB, dom Jos\u00e9 Ant\u00f4nio Peruzzo, o documento da Santa S\u00e9 oferece uma sequ\u00eancia de passos e um ordenamento para a mistagogia (inser\u00e7\u00e3o da pessoa na f\u00e9 cat\u00f3lica): \u201c\u00c9 uma esp\u00e9cie de integra\u00e7\u00e3o muito mais viva entre catequese e liturgia que nossa Igreja precisa recuperar\u201d. Para ele, com o Rica a Igreja pode \u201cpalmear outros caminhos\u201d.<\/p>\n<p>\u201cO Rica sugere uma condi\u00e7\u00e3o mais favor\u00e1vel para conhecer e dar passos neste rumo de experi\u00eancias de Inicia\u00e7\u00e3o, por isso nesta Assembleia, vamos real\u00e7ar fortemente o Rica, porque com os adultos teremos algumas experi\u00eancias, n\u00f3s como Igreja teremos experi\u00eancias melhor fundamentadas para redescobrir aquilo que j\u00e1 perdemos\u201d, concluiu o bispo.<\/p>\n","protected":false},"excerpt":{"rendered":"<p>Ritual de Inicia\u00e7\u00e3o \u00e0 Vida Crist\u00e3 de Adultos (RICA) inspirou a tem\u00e1tica da 55\u00aa Assembleia Geral da CNBB\u00a0\u00a0\u00a0 O Ritual de Inicia\u00e7\u00e3o \u00e0 Vida Crist\u00e3 de Adultos (Rica) \u00e9 destinado \u00e0 inicia\u00e7\u00e3o de adultos na vida crist\u00e3. O Documento da Santa S\u00e9, publicado em 1972 a pedido do Conc\u00edlio Vaticano II e reeditado no Brasil [&hellip;]<\/p>\n","protected":false},"author":1,"featured_media":29652,"comment_status":"open","ping_status":"open","sticky":false,"template":"","format":"standard","meta":{"footnotes":""},"categories":[7],"tags":[],"class_list":["post-29658","post","type-post","status-publish","format-standard","has-post-thumbnail","hentry","category-cnbb"],"_links":{"self":[{"href":"https:\/\/catolicanet.net\/wp-cnet\/wp-json\/wp\/v2\/posts\/29658","targetHints":{"allow":["GET"]}}],"collection":[{"href":"https:\/\/catolicanet.net\/wp-cnet\/wp-json\/wp\/v2\/posts"}],"about":[{"href":"https:\/\/catolicanet.net\/wp-cnet\/wp-json\/wp\/v2\/types\/post"}],"author":[{"embeddable":true,"href":"https:\/\/catolicanet.net\/wp-cnet\/wp-json\/wp\/v2\/users\/1"}],"replies":[{"embeddable":true,"href":"https:\/\/catolicanet.net\/wp-cnet\/wp-json\/wp\/v2\/comments?post=29658"}],"version-history":[{"count":1,"href":"https:\/\/catolicanet.net\/wp-cnet\/wp-json\/wp\/v2\/posts\/29658\/revisions"}],"predecessor-version":[{"id":30916,"href":"https:\/\/catolicanet.net\/wp-cnet\/wp-json\/wp\/v2\/posts\/29658\/revisions\/30916"}],"wp:featuredmedia":[{"embeddable":true,"href":"https:\/\/catolicanet.net\/wp-cnet\/wp-json\/wp\/v2\/media\/29652"}],"wp:attachment":[{"href":"https:\/\/catolicanet.net\/wp-cnet\/wp-json\/wp\/v2\/media?parent=29658"}],"wp:term":[{"taxonomy":"category","embeddable":true,"href":"https:\/\/catolicanet.net\/wp-cnet\/wp-json\/wp\/v2\/categories?post=29658"},{"taxonomy":"post_tag","embeddable":true,"href":"https:\/\/catolicanet.net\/wp-cnet\/wp-json\/wp\/v2\/tags?post=29658"}],"curies":[{"name":"wp","href":"https:\/\/api.w.org\/{rel}","templated":true}]}}