{"id":29640,"date":"2017-04-26T11:54:39","date_gmt":"2017-04-26T14:54:39","guid":{"rendered":"http:\/\/catolicanet.net\/wp-cnet\/2017\/04\/26\/panorama-politico-brasileiro\/"},"modified":"2017-06-08T16:36:34","modified_gmt":"2017-06-08T19:36:34","slug":"panorama-politico-brasileiro","status":"publish","type":"post","link":"https:\/\/catolicanet.net\/wp-cnet\/panorama-politico-brasileiro\/","title":{"rendered":"Panorama pol\u00edtico brasileiro"},"content":{"rendered":"<p style=\"text-align: justify;\">Quem percorre a hist\u00f3ria do Brasil percebe como atrav\u00e9s dos tempos foi crescendo a abje\u00e7\u00e3o popular contra os pol\u00edticos, num aviltamento da Pol\u00edtica. Esta ci\u00eancia da organiza\u00e7\u00e3o, dire\u00e7\u00e3o e administra\u00e7\u00e3o das coisas p\u00fablicas, muitas vezes \u00e9 desviada de seu nobre fim por cidad\u00e3os inescrupulosos. Estes ao inv\u00e9s de ter cuidar do real progresso dos munic\u00edpios, dos estados e do pa\u00eds a empregarem em proveito pr\u00f3prio o que pertence a todos. O pol\u00edtico corrupto \u00e9 h\u00e1bil em administrar em favor de sua casa. Como j\u00e1 dizia Marco T\u00falio C\u00edcero nos idos de 63 antes de Cristo, gerem pro domo sua. No famoso discurso pronunciado contra\u00a0 Cl\u00f3dio, um demagogo revolucion\u00e1rio a empregar meios escusos para obter o poder, o not\u00e1vel tribuno romano cominava implicitamente\u00a0 todos os ambiciosos que saqueiam os cofres p\u00fablicos, aumentando absurdamente suas riquezas. Mais de dois mil anos depois seriam os brasileiros que ficariam estarrecidos ante a avalanche de corrup\u00e7\u00e3o. Assustador, de fato, o volume de dinheiro acumulado por certos indiv\u00edduos a arrasarem as finan\u00e7as p\u00fablicas, deixando um rastro de destrui\u00e7\u00e3o. Pouco se importando com o sofrimento das camadas mais pobres da sociedade, acumulam somas nababescas deixando o pa\u00eds em situa\u00e7\u00e3o de calamidade. Ao inv\u00e9s da constru\u00e7\u00e3o da cidadania, a rapina do bem da coletividade colocado a servi\u00e7o de interesses pessoais. Muito se fala em nossos dias diante de tanta desgra\u00e7a na constru\u00e7\u00e3o de uma democracia participativa, Resta saber se, de fato, haver\u00e1 uma reforma pol\u00edtica de base retirando o poder dos grupos dominadores que vivem da falsifica\u00e7\u00e3o eleitoral. A\u00ed \u00e9 que deve entrar a consci\u00eancia c\u00edvica de cada cidad\u00e3o que ao votar n\u00e3o pode buscar favores. O clientelismo \u00e9 um mal a ser extirpado e o eleitor tem nas m\u00e3os um meio de modificar o panorama pol\u00edtico atual a partir do voto esclarecido e bem direcionado para pessoas competentes, honestas e, verdadeiramente, patriotas. Trata-se da luta contra a apatia e o conformismo. H\u00e1, felizmente, no Brasil pessoas talentosas que n\u00e3o se envolveram nesta onda de corrup\u00e7\u00e3o e almejam um pa\u00eds higienizado de tantas desventuras. Ent\u00e3o sim se poder\u00e1 vislumbrar uma p\u00e1tria livre da mis\u00e9ria, da fome, do desemprego, males que alcan\u00e7am setores massivos da nossa sociedade.\u00a0 O Brasil necessita de pol\u00edticos que saibam superar a economia de exclus\u00e3o a qual gera a desigualdade social, fonte de viol\u00eancias e dos mais b\u00e1rbaros crimes. Que haja reformas, mas n\u00e3o ainda mais lesivas aos exclu\u00eddos que s\u00e3o sempre considerados como res\u00edduos, sobras descart\u00e1veis de uma economia que gira em torno do mercado e do lucro, a servi\u00e7o do dom\u00ednio do setor pol\u00edtico. Nunca \u00e9 tarde para se lutar por uma na\u00e7\u00e3o na qual haja oportunidade para todos e na qual seja banida a concentra\u00e7\u00e3o das riquezas nas m\u00e3os de alguns privilegiados, donos do poder.<\/p>\n","protected":false},"excerpt":{"rendered":"<p>Quem percorre a hist\u00f3ria do Brasil percebe como atrav\u00e9s dos tempos foi crescendo a abje\u00e7\u00e3o popular contra os pol\u00edticos, num aviltamento da Pol\u00edtica. Esta ci\u00eancia da organiza\u00e7\u00e3o, dire\u00e7\u00e3o e administra\u00e7\u00e3o das coisas p\u00fablicas, muitas vezes \u00e9 desviada de seu nobre fim por cidad\u00e3os inescrupulosos. Estes ao inv\u00e9s de ter cuidar do real progresso dos munic\u00edpios, [&hellip;]<\/p>\n","protected":false},"author":7,"featured_media":0,"comment_status":"open","ping_status":"open","sticky":false,"template":"","format":"standard","meta":{"footnotes":""},"categories":[9],"tags":[],"class_list":["post-29640","post","type-post","status-publish","format-standard","hentry","category-artigos"],"_links":{"self":[{"href":"https:\/\/catolicanet.net\/wp-cnet\/wp-json\/wp\/v2\/posts\/29640","targetHints":{"allow":["GET"]}}],"collection":[{"href":"https:\/\/catolicanet.net\/wp-cnet\/wp-json\/wp\/v2\/posts"}],"about":[{"href":"https:\/\/catolicanet.net\/wp-cnet\/wp-json\/wp\/v2\/types\/post"}],"author":[{"embeddable":true,"href":"https:\/\/catolicanet.net\/wp-cnet\/wp-json\/wp\/v2\/users\/7"}],"replies":[{"embeddable":true,"href":"https:\/\/catolicanet.net\/wp-cnet\/wp-json\/wp\/v2\/comments?post=29640"}],"version-history":[{"count":1,"href":"https:\/\/catolicanet.net\/wp-cnet\/wp-json\/wp\/v2\/posts\/29640\/revisions"}],"predecessor-version":[{"id":30927,"href":"https:\/\/catolicanet.net\/wp-cnet\/wp-json\/wp\/v2\/posts\/29640\/revisions\/30927"}],"wp:attachment":[{"href":"https:\/\/catolicanet.net\/wp-cnet\/wp-json\/wp\/v2\/media?parent=29640"}],"wp:term":[{"taxonomy":"category","embeddable":true,"href":"https:\/\/catolicanet.net\/wp-cnet\/wp-json\/wp\/v2\/categories?post=29640"},{"taxonomy":"post_tag","embeddable":true,"href":"https:\/\/catolicanet.net\/wp-cnet\/wp-json\/wp\/v2\/tags?post=29640"}],"curies":[{"name":"wp","href":"https:\/\/api.w.org\/{rel}","templated":true}]}}