{"id":29637,"date":"2017-04-28T03:00:00","date_gmt":"2017-04-28T06:00:00","guid":{"rendered":"http:\/\/catolicanet.net\/wp-cnet\/2017\/04\/28\/sao-jorge-2\/"},"modified":"2017-06-08T16:16:35","modified_gmt":"2017-06-08T19:16:35","slug":"sao-jorge-2","status":"publish","type":"post","link":"https:\/\/catolicanet.net\/wp-cnet\/sao-jorge-2\/","title":{"rendered":"S\u00e3o Jorge"},"content":{"rendered":"<p style=\"text-align: justify;\">A nossa f\u00e9 nos ensina que somente Deus \u00e9 Santo. Na B\u00edblia, &#8220;santo&#8221; significa, literalmente, &#8220;separado&#8221;. Deus \u00e9 aquele que \u00e9 separado, absolutamente diferente de tudo quanto exista no c\u00e9u e na terra: Ele \u00e9 \u00fanico, Ele \u00e9 absoluto, Ele sozinho se basta, sozinho \u00e9 pleno, sozinho \u00e9 infinitamente feliz. Ele \u00e9 Deus! Por isso, Santo, em sentido absoluto, \u00e9 somente o Deus uno e trino, Pai, Filho e Esp\u00edrito Santo. A Jesus, o Filho eterno feito homem, n\u00f3s proclamamos em cada missa: &#8220;S\u00f3 v\u00f3s sois o Santo&#8221;; ao Pai n\u00f3s dizemos: &#8220;Na verdade, \u00f3 Pai, v\u00f3s sois Santo e fonte de toda santidade\u201d.<\/p>\n<p style=\"text-align: justify;\"> Todos s\u00e3o chamados a essa vida divina que Deus quer partilhar conosco, todos s\u00e3o chamados \u00e0 santidade! &#8220;Trajavam vestes brancas e traziam palmas nas m\u00e3os. S\u00e3o os que vieram da grande tribula\u00e7\u00e3o e lavaram e alvejaram suas vestes no sangue do Cordeiro&#8221;. Eis quem s\u00e3o os santos: aqueles que atravessaram as lutas desta vida, as tribula\u00e7\u00f5es desta nossa pobre exist\u00eancia, unidos a Cristo; s\u00e3o os que venceram em Cristo \u2013 por isso trazem a palma da vit\u00f3ria; s\u00e3o os que n\u00e3o tiveram medo de viver e, se ca\u00edram, se erraram, foram, humildemente, lavando e alvejando suas vestes no sangue precioso de Cristo: s\u00e3o santos n\u00e3o com sua pr\u00f3pria santidade, mas com a santidade do Cristo-Deus. Ningu\u00e9m \u00e9 santo com suas for\u00e7as, ningu\u00e9m \u00e9 santo por sua pr\u00f3pria santidade: s\u00f3 em Cristo somos santificados, pois somente Cristo derrama sobre n\u00f3s o Esp\u00edrito de santidade. O nosso \u00fanico trabalho \u00e9 buscar acolher esse Esp\u00edrito, deixando-nos guiar por Ele e por Ele sermos transfigurados em Cristo!<\/p>\n<p style=\"text-align: justify;\"> Nesta semana, coincidindo com o grande Domingo da Miseric\u00f3rdia, muitos foram \u00e0s Igrejas de S\u00e3o Jorge para comemorar um santo muito conhecido no Rio de Janeiro. No dia 23 de abril, temos a gra\u00e7a de celebrar a vida desse grande santo: S\u00e3o Jorge. Nesse dia, em que milhares de pessoas se deslocaram at\u00e9 as igrejas e capelas de S\u00e3o Jorge para manifestar seu carinho e a busca de ver nesse homem de Deus um grande exemplo de vida e um intercessor junto a Deus, contemplemos a todos com os olhos da f\u00e9 e oremos para que todos busquem a vida nova em Cristo. Todo santo \u00e9 um grande testemunho do seguimento de Cristo. Baseados em textos tradicionais, livros e virtuais da internet, reflitamos sobre a vida desse homem de Deus.<\/p>\n<p style=\"text-align: justify;\"> S\u00e3o Jorge, com grande coragem, foi um grande defensor da f\u00e9 em Jesus Cristo como Senhor e salvador dos homens. Indagado por um c\u00f4nsul sobre a origem desta ousadia, Jorge prontamente respondeu-lhe que era por causa da verdade. O tal c\u00f4nsul, n\u00e3o satisfeito, quis saber: &#8220;o que \u00e9 a verdade&#8221;? Jorge respondeu: &#8220;A verdade \u00e9 meu Senhor Jesus Cristo, a quem v\u00f3s perseguis, e eu sou servo de meu redentor Jesus Cristo, e n\u2019Ele confiado me pus no meio de v\u00f3s para dar testemunho da Verdade.&#8221; Como Jorge mantinha-se fiel a Jesus, o Imperador tentou faz\u00ea-lo desistir da f\u00e9 torturando-o de v\u00e1rios modos. E, ap\u00f3s cada tortura, era levado perante o Imperador, que lhe perguntava se renegaria a Jesus para adorar os \u00eddolos.<\/p>\n<p style=\"text-align: justify;\"> A f\u00e9 deste servo de Deus era tamanha que muitas pessoas passaram a crer em Jesus e confess\u00e1-lo como Senhor por interm\u00e9dio da prega\u00e7\u00e3o do jovem soldado romano. Durante seu mart\u00edrio, Jorge mostrou-se t\u00e3o confiante em Cristo Jesus e na obra redentora da cruz, que a pr\u00f3pria Imperatriz alcan\u00e7ou a Gra\u00e7a da salva\u00e7\u00e3o eterna, ao entregar sua vida ao Senhor. Seu testemunho de fidelidade e amor a Deus arrebatou uma gera\u00e7\u00e3o de incr\u00e9dulos e id\u00f3latras romanos. Por fim, Diocleciano mandou degolar o jovem e fiel disc\u00edpulo de Jesus em 23 de abril de 303.<\/p>\n<p style=\"text-align: justify;\"> Logo, a devo\u00e7\u00e3o a \u201cS\u00e3o\u201d Jorge tornou-se popular. Celebra\u00e7\u00f5es e peti\u00e7\u00f5es a imagens que o representavam se espalharam pelo Oriente e, depois das Cruzadas, tiveram grande entrada no Ocidente.<br \/> O in\u00edcio de sua popularidade ocorreu no auge da persegui\u00e7\u00e3o aos crist\u00e3os pelo imperador romano Diocleciano (final do s\u00e9culo III), quando o ousado guerreiro passou a defender com muita f\u00e9 o cristianismo. A imagem de S\u00e3o Jorge \u00e9 representada por um jovem vestido com uma armadura, sentado em um cavalo branco com uma lan\u00e7a atravessando o drag\u00e3o, representa\u00e7\u00e3o medieval, onde o santo \u00e9 imortalizado no conto em que mata um drag\u00e3o.<\/p>\n<p style=\"text-align: justify;\"> S\u00e3o Jorge, crist\u00e3o, \u00e9 santo da Igreja Cat\u00f3lica, e tem um apre\u00e7o de in\u00fameras pessoas e grupos que o t\u00eam em grande considera\u00e7\u00e3o. S\u00e3o Jorge \u00e9 patrono da Inglaterra, Portugal, Ge\u00f3rgia, Catalunha, Arag\u00e3o, Litu\u00e2nia, da cidade de Moscou e de muitos outros locais e entidades. Muito venerado em outros lugares, inclusive em todo o nosso Estado. Seu culto na Igreja, mesmo com poucos dados hist\u00f3ricos, e mesmo com as dificuldades encontradas na comprova\u00e7\u00e3o das atas de seu sofrimento, remonta ao s\u00e9culo V, e com as &#8220;Cruzadas&#8221;, atrav\u00e9s da &#8220;legenda dourada&#8221;, o fizeram popular no Ocidente.<\/p>\n<p style=\"text-align: justify;\"> Ao olhar para S\u00e3o Jorge, possamos, a exemplo dele, lutar contra o mal para sermos vencedores nesta batalha contra os questionamentos da nossa f\u00e9. Que com a mesma coragem professemos nossa f\u00e9 neste tempo de tantas quest\u00f5es e problemas, e que, com o cora\u00e7\u00e3o aberto, vivamos como irm\u00e3os e irm\u00e3s que em Cristo se amam. E que, pela intercess\u00e3o de S\u00e3o Jorge, recaiam sobre as nossas vidas muitas b\u00ean\u00e7\u00e3os de Deus!<\/p>\n","protected":false},"excerpt":{"rendered":"<p>A nossa f\u00e9 nos ensina que somente Deus \u00e9 Santo. Na B\u00edblia, &#8220;santo&#8221; significa, literalmente, &#8220;separado&#8221;. Deus \u00e9 aquele que \u00e9 separado, absolutamente diferente de tudo quanto exista no c\u00e9u e na terra: Ele \u00e9 \u00fanico, Ele \u00e9 absoluto, Ele sozinho se basta, sozinho \u00e9 pleno, sozinho \u00e9 infinitamente feliz. Ele \u00e9 Deus! Por isso, [&hellip;]<\/p>\n","protected":false},"author":1,"featured_media":0,"comment_status":"open","ping_status":"open","sticky":false,"template":"","format":"standard","meta":{"footnotes":""},"categories":[9],"tags":[],"class_list":["post-29637","post","type-post","status-publish","format-standard","hentry","category-artigos"],"_links":{"self":[{"href":"https:\/\/catolicanet.net\/wp-cnet\/wp-json\/wp\/v2\/posts\/29637","targetHints":{"allow":["GET"]}}],"collection":[{"href":"https:\/\/catolicanet.net\/wp-cnet\/wp-json\/wp\/v2\/posts"}],"about":[{"href":"https:\/\/catolicanet.net\/wp-cnet\/wp-json\/wp\/v2\/types\/post"}],"author":[{"embeddable":true,"href":"https:\/\/catolicanet.net\/wp-cnet\/wp-json\/wp\/v2\/users\/1"}],"replies":[{"embeddable":true,"href":"https:\/\/catolicanet.net\/wp-cnet\/wp-json\/wp\/v2\/comments?post=29637"}],"version-history":[{"count":1,"href":"https:\/\/catolicanet.net\/wp-cnet\/wp-json\/wp\/v2\/posts\/29637\/revisions"}],"predecessor-version":[{"id":30901,"href":"https:\/\/catolicanet.net\/wp-cnet\/wp-json\/wp\/v2\/posts\/29637\/revisions\/30901"}],"wp:attachment":[{"href":"https:\/\/catolicanet.net\/wp-cnet\/wp-json\/wp\/v2\/media?parent=29637"}],"wp:term":[{"taxonomy":"category","embeddable":true,"href":"https:\/\/catolicanet.net\/wp-cnet\/wp-json\/wp\/v2\/categories?post=29637"},{"taxonomy":"post_tag","embeddable":true,"href":"https:\/\/catolicanet.net\/wp-cnet\/wp-json\/wp\/v2\/tags?post=29637"}],"curies":[{"name":"wp","href":"https:\/\/api.w.org\/{rel}","templated":true}]}}