{"id":29634,"date":"2017-04-25T18:55:48","date_gmt":"2017-04-25T21:55:48","guid":{"rendered":"http:\/\/catolicanet.net\/wp-cnet\/2017\/04\/25\/no-marrocos-cristaos-celebram-semana-santa-escondidos-relata-convertido-do-isla\/"},"modified":"2017-06-08T16:38:34","modified_gmt":"2017-06-08T19:38:34","slug":"no-marrocos-cristaos-celebram-semana-santa-escondidos-relata-convertido-do-isla","status":"publish","type":"post","link":"https:\/\/catolicanet.net\/wp-cnet\/no-marrocos-cristaos-celebram-semana-santa-escondidos-relata-convertido-do-isla\/","title":{"rendered":"No Marrocos, crist\u00e3os celebram Semana Santa \u201cescondidos\u201d, relata convertido do isl\u00e3"},"content":{"rendered":"<p style=\"text-align: justify;\"><img decoding=\"async\" src=\"http:\/\/www.catolicanet.com.br\/images\/stories\/noticias2017\/biblia_domin.jpg\" border=\"0\" align=\"left\" \/>MADRI, 25 Abr. 17 \/ 02:30 pm (ACI).- No Marrocos, os crist\u00e3os devem celebrar a Semana Santa \u201cescondidos\u201d, afirmou Mustapha Susi, que se converteu do islamismo e cujo testemunho foi transmitido por um meio de comunica\u00e7\u00e3o espanhol, ao qual relata a falta de liberdade religiosa sofrida pelos crist\u00e3os neste pa\u00eds localizado no norte da \u00c1frica.<\/p>\n<p>O jornal \u2018El Espa\u00f1ol\u2019 publicou uma reportagem na qual Mustapha fala acerca da falta de liberdade religiosa no Marrocos, cujo \u201cC\u00f3digo Penal castiga o proselitismo de outra religi\u00e3o com seis meses de pris\u00e3o&#8221;.<\/p>\n<p>Sete anos depois que abriu a B\u00edblia pela primeira vez em 1994, converteu-se ao cristianismo e pensava que \u201cera o \u00fanico crist\u00e3o do pa\u00eds\u201d.<\/p>\n<p>Pouco tempo depois, p\u00f4de celebrar o Natal com alguns crist\u00e3os que viviam na clandestinidade.<\/p>\n<p>Depois da sua convers\u00e3o, foi rejeitado pela fam\u00edlia, pediram-lhe que deixasse de usar o seu sobrenome. Dos sete irm\u00e3os, apenas dois falam com ele.<\/p>\n<p>H\u00e1 tr\u00eas meses, Mustapha se define crist\u00e3o em p\u00fablico, o que fez com que aumente a discrimina\u00e7\u00e3o, a tal ponto que decidiu mudar de cidade para evitar a rejei\u00e7\u00e3o sofrida pela sua esposa e pelos dois filhos.<\/p>\n<p>Assegura na entrevista publicada pelo jornal \u2018El Espa\u00f1ol\u2019: \u201cSou 100 por cento marroquino, amo o meu pa\u00eds, o meu rei, o nosso povo, mas sou um crist\u00e3o\u201d.<\/p>\n<p>Entretanto, atualmente no Marrocos esta situa\u00e7\u00e3o n\u00e3o \u00e9 aceita de forma t\u00e3o simples.<\/p>\n<p>Todos os s\u00e1bados, um pequeno grupo de crist\u00e3os, entre eles Mustapha, se re\u00fane na casa de um casal na cidade de Casablanca (Marrocos) para rezar e ler juntos a Sagrada Escritura.<\/p>\n<p>Estes crist\u00e3os marroquinos asseguram que celebram a Semana Santa \u201cescondidos porque n\u00e3o temos o direito de compartilhar a nossa felicidade com os outros crist\u00e3os em p\u00fablico\u201d.<\/p>\n<p>Mas as convers\u00f5es continuam no Marrocos. De fato, muitos mu\u00e7ulmanos conheceram a f\u00e9 atrav\u00e9s de v\u00e1rios canais de televis\u00e3o. N\u00e3o existem dados sobre o n\u00famero de convers\u00f5es ao cristianismo, mas calculam que h\u00e1 aproximadamente de 8 a 10 mil fi\u00e9is.<\/p>\n<p>\u201cH\u00e1 mais, mas n\u00e3o dizem, pois n\u00e3o \u00e9 f\u00e1cil em um pa\u00eds mu\u00e7ulmano, onde voc\u00ea fica sem trabalho e a tua fam\u00edlia te repudia\u201d, explica uma das crist\u00e3s que participa de grupos de ora\u00e7\u00e3o aos s\u00e1bados.<\/p>\n<p>H\u00e1 grandes dificuldades para que os marroquinos possam praticar livremente uma f\u00e9 diferente da mu\u00e7ulmana. Na verdade, Mustapha recordou que em 2010 expulsaram todos os mission\u00e1rios do Marrocos e a grande maioria das igrejas teve que ser fechada.<\/p>\n<p>Foi quando os crist\u00e3os marroquinos come\u00e7aram a assumir a lideran\u00e7a e dirigir as comunidades, \u201cporque se um estrangeiro dirigia um grupo, a autoridade o expulsava e este desaparecia\u201d, assegura Mustapha.<\/p>\n<p>No dia 27 de maio, membros da Coordenadoria Nacional de Crist\u00e3os Marroquinos realizou uma reuni\u00e3o com o secret\u00e1rio geral do Conselho Nacional dos Direitos Humanos (CNDH), Mohamed Sebbar.<\/p>\n<p>Durante a reuni\u00e3o, pediram o direito de serem enterrados em cemit\u00e9rios crist\u00e3os ou colocar nomes b\u00edblicos em seus filhos. Tamb\u00e9m ressaltaram a import\u00e2ncia de ter a liberdade de rezar nas igrejas, porque a liberdade de culto s\u00f3 est\u00e1 garantida para os estrangeiros.<\/p>\n<p>Embora saibam que eles ainda t\u00eam um longo caminho pela frente, n\u00e3o desanimam e sonham com a cria\u00e7\u00e3o de uma televis\u00e3o ou com a possibilidade de que nas escolas seja ensinada a disciplina Religi\u00e3o crist\u00e3.<\/p>\n<p>Segundo assinala a Coordenadoria Nacional dos Marroquinos Crist\u00e3os, um dos trabalhos mais urgentes para acabar com essa discrimina\u00e7\u00e3o \u00e9 \u201cinformar, falar\u201d, para ver que \u201cn\u00e3o h\u00e1 apenas mu\u00e7ulmanos no Marrocos, tamb\u00e9m h\u00e1 crist\u00e3os, judeus e membros de outras religi\u00f5es\u201d.<\/p>\n<p>Apesar do esfor\u00e7o e da coragem desses crist\u00e3os, atualmente, segundo o C\u00f3digo Penal marroquino, \u00e9 castigado com at\u00e9 seis meses de pris\u00e3o \u201cqualquer pessoa que incite um mu\u00e7ulmano a vacilar em sua f\u00e9 e a se converter a outra religi\u00e3o\u201d. Isto inclui os mu\u00e7ulmanos convertidos.<\/p>\n<p>Embora existam ligeiros sinais de abertura. Em 2017 foi proposto que abandonar a f\u00e9 isl\u00e2mica s\u00f3 seria castigado caso fosse constitutivamente de \u201calta trai\u00e7\u00e3o \u00e0 na\u00e7\u00e3o\u201d.<\/p>\n<p>Entretanto, ainda existem pessoas que desafiam as autoridades para viver a sua f\u00e9, porque, como afirma Mustapha, \u201c\u00e9 hora de deixar de colocar a luz em uma gaveta\u201d.<\/p>\n<p style=\"text-align: justify;\">\u00a0<\/p>\n<p style=\"text-align: justify;\">Fonte: Acidigital<\/p>\n","protected":false},"excerpt":{"rendered":"<p>MADRI, 25 Abr. 17 \/ 02:30 pm (ACI).- No Marrocos, os crist\u00e3os devem celebrar a Semana Santa \u201cescondidos\u201d, afirmou Mustapha Susi, que se converteu do islamismo e cujo testemunho foi transmitido por um meio de comunica\u00e7\u00e3o espanhol, ao qual relata a falta de liberdade religiosa sofrida pelos crist\u00e3os neste pa\u00eds localizado no norte da \u00c1frica. [&hellip;]<\/p>\n","protected":false},"author":1,"featured_media":29633,"comment_status":"open","ping_status":"open","sticky":false,"template":"","format":"standard","meta":{"footnotes":""},"categories":[4],"tags":[],"class_list":["post-29634","post","type-post","status-publish","format-standard","has-post-thumbnail","hentry","category-cotidiano"],"_links":{"self":[{"href":"https:\/\/catolicanet.net\/wp-cnet\/wp-json\/wp\/v2\/posts\/29634","targetHints":{"allow":["GET"]}}],"collection":[{"href":"https:\/\/catolicanet.net\/wp-cnet\/wp-json\/wp\/v2\/posts"}],"about":[{"href":"https:\/\/catolicanet.net\/wp-cnet\/wp-json\/wp\/v2\/types\/post"}],"author":[{"embeddable":true,"href":"https:\/\/catolicanet.net\/wp-cnet\/wp-json\/wp\/v2\/users\/1"}],"replies":[{"embeddable":true,"href":"https:\/\/catolicanet.net\/wp-cnet\/wp-json\/wp\/v2\/comments?post=29634"}],"version-history":[{"count":1,"href":"https:\/\/catolicanet.net\/wp-cnet\/wp-json\/wp\/v2\/posts\/29634\/revisions"}],"predecessor-version":[{"id":30930,"href":"https:\/\/catolicanet.net\/wp-cnet\/wp-json\/wp\/v2\/posts\/29634\/revisions\/30930"}],"wp:featuredmedia":[{"embeddable":true,"href":"https:\/\/catolicanet.net\/wp-cnet\/wp-json\/wp\/v2\/media\/29633"}],"wp:attachment":[{"href":"https:\/\/catolicanet.net\/wp-cnet\/wp-json\/wp\/v2\/media?parent=29634"}],"wp:term":[{"taxonomy":"category","embeddable":true,"href":"https:\/\/catolicanet.net\/wp-cnet\/wp-json\/wp\/v2\/categories?post=29634"},{"taxonomy":"post_tag","embeddable":true,"href":"https:\/\/catolicanet.net\/wp-cnet\/wp-json\/wp\/v2\/tags?post=29634"}],"curies":[{"name":"wp","href":"https:\/\/api.w.org\/{rel}","templated":true}]}}