{"id":29632,"date":"2017-04-25T18:47:09","date_gmt":"2017-04-25T21:47:09","guid":{"rendered":"http:\/\/catolicanet.net\/wp-cnet\/2017\/04\/25\/crianca-curada-por-intercessao-dos-pastorinhos-acompanhara-a-canonizacao-em-fatima\/"},"modified":"2017-06-08T16:38:53","modified_gmt":"2017-06-08T19:38:53","slug":"crianca-curada-por-intercessao-dos-pastorinhos-acompanhara-a-canonizacao-em-fatima","status":"publish","type":"post","link":"https:\/\/catolicanet.net\/wp-cnet\/crianca-curada-por-intercessao-dos-pastorinhos-acompanhara-a-canonizacao-em-fatima\/","title":{"rendered":"Crian\u00e7a curada por intercess\u00e3o dos pastorinhos acompanhar\u00e1 a canoniza\u00e7\u00e3o em F\u00e1tima"},"content":{"rendered":"<p style=\"text-align: justify;\"><img decoding=\"async\" src=\"http:\/\/www.catolicanet.com.br\/images\/stories\/noticias2017\/francisco_e_jacinta_marto_fatima.jpg\" border=\"0\" align=\"left\" \/>FATIMA,\u00a0 (ACI).- A crian\u00e7a brasileira curada por intercess\u00e3o dos Beatos Francisco e Jacinta Marto estar\u00e1 na canoniza\u00e7\u00e3o desses dois videntes da Virgem Maria, no dia 13 de maio, em F\u00e1tima, Portugal.<\/p>\n<p>A informa\u00e7\u00e3o foi confirmada pelo site oficial da visita do Papa Francisco a F\u00e1tima, segundo o qual, a crian\u00e7a que recebeu a cura milagrosa acompanhar\u00e1 a celebra\u00e7\u00e3o junto com sua fam\u00edlia.<\/p>\n<p>\u201cNo dia 11 de maio, a fam\u00edlia vai fazer uma declara\u00e7\u00e3o em F\u00e1tima sobre o milagre, estando dispon\u00edvel para falar com a Comunica\u00e7\u00e3o Social, assistindo, no dia 13, \u00e0 canoniza\u00e7\u00e3o dos dois Pastorinhos\u201d, informa o comunicado no site.<\/p>\n<p>Entretanto, ressalta que \u201cat\u00e9 l\u00e1, a fam\u00edlia n\u00e3o vai dar entrevistas nem fazer declara\u00e7\u00f5es, por pretender que o seu testemunho seja feito no Santu\u00e1rio de F\u00e1tima\u201d.<\/p>\n<p>Explicam ainda que \u201ca identidade da crian\u00e7a, por ser menor, e pormenores exatos da cura est\u00e3o sob reserva, n\u00e3o podendo ser divulgados pela Postula\u00e7\u00e3o da Causa da Canoniza\u00e7\u00e3o dos Santos\u201d.<\/p>\n<p>O milagre reconhecido pelo Papa e que levar\u00e1 \u00e0 canoniza\u00e7\u00e3o de Francisco e Jacinta, segundo a R\u00e1dio Vaticano, diz respeito a uma crian\u00e7a que ficou em coma ap\u00f3s cair por acidente de uma janela de cerca de sete metros de altura e teve que ser operada.<\/p>\n<p>Embora os m\u00e9dicos tenham previsto que a crian\u00e7a ficaria com graves sequelas por conta do traumatismo cr\u00e2nio-encef\u00e1lico, tr\u00eas dias depois, recebeu alta e n\u00e3o ficou com qualquer dano.<\/p>\n<p>O reconhecimento de um milagre realizado por sua intercess\u00e3o depois da beatifica\u00e7\u00e3o \u00e9 um processo da compet\u00eancia da Congrega\u00e7\u00e3o para a Causa dos Santos, regulado pela Constitui\u00e7\u00e3o Apost\u00f3lica Divinus Perfectionis Magister , promulgada pelo Papa S\u00e3o Jo\u00e3o Paulo II em 1983.<\/p>\n<p>Uma comiss\u00e3o de te\u00f3logos analisou a decis\u00e3o da comiss\u00e3o de peritos ou cient\u00edfica sobre o milagre e recomendou \u00e0 Congrega\u00e7\u00e3o a aceita\u00e7\u00e3o do mesmo.<\/p>\n<p>Em seguida, o decreto da Congrega\u00e7\u00e3o para a Causa dos Santos declarando como santos os dois beatos foi submetido \u00e0 aprova\u00e7\u00e3o do Papa Francisco no dia 23 de mar\u00e7o.<\/p>\n<p>No \u00faltimo dia 20 de abril, durante o Consist\u00f3rio Ordin\u00e1rio P\u00fablico para a Canoniza\u00e7\u00e3o dos Beatos, no Vaticano, o Pont\u00edfice confirmou que a canoniza\u00e7\u00e3o de Francisco e Jacinta ser\u00e1 no dia 13 de maio, em F\u00e1tima.<\/p>\n<p style=\"text-align: justify;\">\u00a0<\/p>\n<p style=\"text-align: justify;\">Fonte: Acidigital<\/p>\n","protected":false},"excerpt":{"rendered":"<p>FATIMA,\u00a0 (ACI).- A crian\u00e7a brasileira curada por intercess\u00e3o dos Beatos Francisco e Jacinta Marto estar\u00e1 na canoniza\u00e7\u00e3o desses dois videntes da Virgem Maria, no dia 13 de maio, em F\u00e1tima, Portugal. A informa\u00e7\u00e3o foi confirmada pelo site oficial da visita do Papa Francisco a F\u00e1tima, segundo o qual, a crian\u00e7a que recebeu a cura milagrosa [&hellip;]<\/p>\n","protected":false},"author":1,"featured_media":29631,"comment_status":"open","ping_status":"open","sticky":false,"template":"","format":"standard","meta":{"footnotes":""},"categories":[4],"tags":[],"class_list":["post-29632","post","type-post","status-publish","format-standard","has-post-thumbnail","hentry","category-cotidiano"],"_links":{"self":[{"href":"https:\/\/catolicanet.net\/wp-cnet\/wp-json\/wp\/v2\/posts\/29632","targetHints":{"allow":["GET"]}}],"collection":[{"href":"https:\/\/catolicanet.net\/wp-cnet\/wp-json\/wp\/v2\/posts"}],"about":[{"href":"https:\/\/catolicanet.net\/wp-cnet\/wp-json\/wp\/v2\/types\/post"}],"author":[{"embeddable":true,"href":"https:\/\/catolicanet.net\/wp-cnet\/wp-json\/wp\/v2\/users\/1"}],"replies":[{"embeddable":true,"href":"https:\/\/catolicanet.net\/wp-cnet\/wp-json\/wp\/v2\/comments?post=29632"}],"version-history":[{"count":1,"href":"https:\/\/catolicanet.net\/wp-cnet\/wp-json\/wp\/v2\/posts\/29632\/revisions"}],"predecessor-version":[{"id":30931,"href":"https:\/\/catolicanet.net\/wp-cnet\/wp-json\/wp\/v2\/posts\/29632\/revisions\/30931"}],"wp:featuredmedia":[{"embeddable":true,"href":"https:\/\/catolicanet.net\/wp-cnet\/wp-json\/wp\/v2\/media\/29631"}],"wp:attachment":[{"href":"https:\/\/catolicanet.net\/wp-cnet\/wp-json\/wp\/v2\/media?parent=29632"}],"wp:term":[{"taxonomy":"category","embeddable":true,"href":"https:\/\/catolicanet.net\/wp-cnet\/wp-json\/wp\/v2\/categories?post=29632"},{"taxonomy":"post_tag","embeddable":true,"href":"https:\/\/catolicanet.net\/wp-cnet\/wp-json\/wp\/v2\/tags?post=29632"}],"curies":[{"name":"wp","href":"https:\/\/api.w.org\/{rel}","templated":true}]}}