{"id":29624,"date":"2017-04-25T12:22:23","date_gmt":"2017-04-25T15:22:23","guid":{"rendered":"http:\/\/catolicanet.net\/wp-cnet\/2017\/04\/25\/exposicao-cores-do-invisivel-na-puc-sp\/"},"modified":"2017-06-08T16:42:49","modified_gmt":"2017-06-08T19:42:49","slug":"exposicao-cores-do-invisivel-na-puc-sp","status":"publish","type":"post","link":"https:\/\/catolicanet.net\/wp-cnet\/exposicao-cores-do-invisivel-na-puc-sp\/","title":{"rendered":"Exposi\u00e7\u00e3o \u201cCores do invis\u00edvel\u201d na PUC-SP"},"content":{"rendered":"<p style=\"text-align: justify;\"><img decoding=\"async\" src=\"http:\/\/www.catolicanet.com.br\/images\/stories\/noticias2017\/exposio cores do.jpg\" border=\"0\" align=\"left\" \/>O espa\u00e7o cultural da Biblioteca Nadir G\u00f4uvea Kfuori da PUC-SP recebe nos meses de abril e maio, a exposi\u00e7\u00e3o \u201cCores do Invis\u00edvel\u201d do artista Sergio Ricciuto Conte.<br \/>Ricciuto marca presen\u00e7a durante a exposi\u00e7\u00e3o pintando uma obra ao vivo e, assim, ao longo da exposi\u00e7\u00e3o, o p\u00fablico poder\u00e1 acompanhar como se d\u00e1 o processo criativo e art\u00edstico da pintura em tela. Mais que isso: os visitantes poder\u00e3o concorrer a uma obra no fim da exposi\u00e7\u00e3o. Basta participar de uma promo\u00e7\u00e3o promovida pelas redes sociais e usar a hashtag #exporicciutoconte.<br \/>Nascido em Foggia, na It\u00e1lia, Ricciuto mora no Brasil h\u00e1 oito anos e come\u00e7ou a pintar aos seis anos de idade. Formou-se em arte no Instituto de Arte Perugini, na It\u00e1lia, e \u00e9 graduado em filosofia e teologia. Al\u00e9m das obras em tela, ele desenvolve projetos de arte para mosaicos e ilustra\u00e7\u00f5es para jornais e revistas, pain\u00e9is para espa\u00e7os p\u00fablicos e particulares e tamb\u00e9m lit\u00fargicos.<br \/>\u201cUm viajante que carrega como mala a pr\u00f3pria casa\u201d ou \u201cum \u00edndio nu sobre o caule de uma rosa\u201d s\u00e3o alguns exemplos da linha po\u00e9tica da exposi\u00e7\u00e3o \u201cCores do Inv\u00edsivel\u201d. Transgredindo o real e atravessando o imagin\u00e1rio, Ricciuto consegue conjugar surrealismo e beleza, como algu\u00e9m que est\u00e1 com os p\u00e9s bem apoiados nas nuvens.<br \/>Cada obra deixa-se observar com a mesma sensa\u00e7\u00e3o de surpresa, como se estivesse saindo da cartola de um vision\u00e1rio ou da voz de um contador de f\u00e1bulas. Em seu conjunto, elas t\u00eam o poder de maravilhar e consolar, de maneira provocativa e instigante, numa tentativa de reduzir o sufoco dessa \u00e9poca em que vivemos, submersos por toneladas de uma realidade nem sempre f\u00e1cil.<\/p>\n<p>Servi\u00e7o:<br \/>Exposi\u00e7\u00e3o \u201cCores do Invis\u00edvel\u201d: Durante os meses de abril e maio, de segunda \u00e0 sexta-feira, das 7h30 \u00e0s 21h30 e aos s\u00e1bados, das 8h \u00e0s 17h. (Rua Ministro de God\u00f3i, 969, Perdizes- SP).<br \/>www.sergioricciutoconte.com.br | www.facebook.com\/ricciutoconte<br \/>Imprensa: Nay\u00e1 Fernandes (11) 997139679 |nayafernandes@gmail.com<\/p>\n<p style=\"text-align: justify;\">\u00a0<\/p>\n<p style=\"text-align: justify;\">Fonte: N\u00facleo F\u00e9 e Cultura<\/p>\n","protected":false},"excerpt":{"rendered":"<p>O espa\u00e7o cultural da Biblioteca Nadir G\u00f4uvea Kfuori da PUC-SP recebe nos meses de abril e maio, a exposi\u00e7\u00e3o \u201cCores do Invis\u00edvel\u201d do artista Sergio Ricciuto Conte.Ricciuto marca presen\u00e7a durante a exposi\u00e7\u00e3o pintando uma obra ao vivo e, assim, ao longo da exposi\u00e7\u00e3o, o p\u00fablico poder\u00e1 acompanhar como se d\u00e1 o processo criativo e art\u00edstico [&hellip;]<\/p>\n","protected":false},"author":1,"featured_media":29623,"comment_status":"open","ping_status":"open","sticky":false,"template":"","format":"standard","meta":{"footnotes":""},"categories":[4],"tags":[],"class_list":["post-29624","post","type-post","status-publish","format-standard","has-post-thumbnail","hentry","category-cotidiano"],"_links":{"self":[{"href":"https:\/\/catolicanet.net\/wp-cnet\/wp-json\/wp\/v2\/posts\/29624","targetHints":{"allow":["GET"]}}],"collection":[{"href":"https:\/\/catolicanet.net\/wp-cnet\/wp-json\/wp\/v2\/posts"}],"about":[{"href":"https:\/\/catolicanet.net\/wp-cnet\/wp-json\/wp\/v2\/types\/post"}],"author":[{"embeddable":true,"href":"https:\/\/catolicanet.net\/wp-cnet\/wp-json\/wp\/v2\/users\/1"}],"replies":[{"embeddable":true,"href":"https:\/\/catolicanet.net\/wp-cnet\/wp-json\/wp\/v2\/comments?post=29624"}],"version-history":[{"count":1,"href":"https:\/\/catolicanet.net\/wp-cnet\/wp-json\/wp\/v2\/posts\/29624\/revisions"}],"predecessor-version":[{"id":30935,"href":"https:\/\/catolicanet.net\/wp-cnet\/wp-json\/wp\/v2\/posts\/29624\/revisions\/30935"}],"wp:featuredmedia":[{"embeddable":true,"href":"https:\/\/catolicanet.net\/wp-cnet\/wp-json\/wp\/v2\/media\/29623"}],"wp:attachment":[{"href":"https:\/\/catolicanet.net\/wp-cnet\/wp-json\/wp\/v2\/media?parent=29624"}],"wp:term":[{"taxonomy":"category","embeddable":true,"href":"https:\/\/catolicanet.net\/wp-cnet\/wp-json\/wp\/v2\/categories?post=29624"},{"taxonomy":"post_tag","embeddable":true,"href":"https:\/\/catolicanet.net\/wp-cnet\/wp-json\/wp\/v2\/tags?post=29624"}],"curies":[{"name":"wp","href":"https:\/\/api.w.org\/{rel}","templated":true}]}}