{"id":29620,"date":"2017-04-25T11:37:08","date_gmt":"2017-04-25T14:37:08","guid":{"rendered":"http:\/\/catolicanet.net\/wp-cnet\/2017\/04\/25\/jovens-de-toda-a-america-latina-fazem-cerimonia-pela-baia-de-guanabara-no-proximo-dia-3-de-maio\/"},"modified":"2017-06-08T16:44:40","modified_gmt":"2017-06-08T19:44:40","slug":"jovens-de-toda-a-america-latina-fazem-cerimonia-pela-baia-de-guanabara-no-proximo-dia-3-de-maio","status":"publish","type":"post","link":"https:\/\/catolicanet.net\/wp-cnet\/jovens-de-toda-a-america-latina-fazem-cerimonia-pela-baia-de-guanabara-no-proximo-dia-3-de-maio\/","title":{"rendered":"Jovens de toda a Am\u00e9rica Latina fazem cerim\u00f4nia pela Ba\u00eda de Guanabara no pr\u00f3ximo dia 3 de maio"},"content":{"rendered":"<p style=\"text-align: justify;\">50 jovens de 17 pa\u00edses da Am\u00e9rica Latina, junto com lideran\u00e7as religiosas de diferentes tradi\u00e7\u00f5es, realizar\u00e3o um ato p\u00fablico pela Ba\u00eda de Guanabara na quarta-feira, dia 3 de maio. O evento, aberto ao p\u00fablico, ter\u00e1 in\u00edcio \u00e0s 14h00 com uma palestra gratuita sobre a Ba\u00eda no Museu Hist\u00f3rico Nacional, de onde sair\u00e1 a caminhada a partir das 17h00.\u00a0 O ato se encerrar\u00e1 com uma cerim\u00f4nia na qual cada religi\u00e3o far\u00e1 uso simb\u00f3lico de \u00e1guas, de acordo com sua cultura ou tradi\u00e7\u00e3o, para pedir por mais cuidado com o ambiente e maior empenho no combate ao aquecimento global.<\/p>\n<p style=\"text-align: justify;\">A Caminhada pela Guanabara integra a programa\u00e7\u00e3o da Converg\u00eancia F\u00e9 no Clima, organizada pelo o ISER, o GIP e o GreenFaith, junto com uma rede de institui\u00e7\u00f5es da Am\u00e9rica Latina.\u00a0 A Converg\u00eancia toda vai de 1 a 4 de maio e visa formar lideran\u00e7as religiosas latinoamericanas que j\u00e1 atuam como mobilizadores e protagonizam iniciativas em suas comunidades, dentro do complexo tema das mudan\u00e7as clim\u00e1ticas.<\/p>\n<p style=\"text-align: justify;\">A troca de saberes entre diferentes religi\u00f5es sobre como cada uma aborda este assunto tem tamb\u00e9m o objetivo de consolidar uma cultura de paz, respeito e toler\u00e2ncia. Esse ser\u00e1 um dos destaques da palestra dos especialistas Emanuel Alencar e Breno Herrera: ela contar\u00e1 tamb\u00e9m com a participa\u00e7\u00e3o de diversos l\u00edderes expondo o tema da \u00e1gua e das mudan\u00e7as clim\u00e1ticas a partir da \u00f3tica de sua religi\u00e3o. Ser\u00e1 poss\u00edvel ent\u00e3o poss\u00edvel ver, na pr\u00e1tica, im\u00e3s mu\u00e7ulmanos, freis cat\u00f3licos, m\u00e3es de santo e pastores evang\u00e9licos em um mesmo ambiente, se respeitando e trocando experi\u00eancias.<\/p>\n<p style=\"text-align: justify;\">\u201cAs mudan\u00e7as clim\u00e1ticas s\u00e3o o maior desafio que a humanidade enfrenta atualmente e as religi\u00f5es est\u00e3o atentas ao tema.\u00a0 Da enc\u00edclica Laudato Si, do Papa Francisco, \u00e0 Declara\u00e7\u00e3o Isl\u00e2mica sobre Mudan\u00e7as do Clima, diferentes grupos religiosos v\u00eam se engajando com o tema, por haver uma forte converg\u00eancia entre os princ\u00edpios e valores promovidos pelas religi\u00f5es, com as necessidades \u00e9ticas e de comportamento que os desafios das mudan\u00e7as clim\u00e1ticas nos imp\u00f5em\u201d, explica Clemir Fernandes, Coordenador Institucional do ISER.\u00a0 \u201cGrandes avan\u00e7os j\u00e1 foram feitos, como a ades\u00e3o de v\u00e1rias institui\u00e7\u00f5es religiosas ao movimento de desinvestimento em combust\u00edveis f\u00f3sseis, a solariza\u00e7\u00e3o de templos.\u00a0 Mas estes exemplos precisam se espalhar e outras a\u00e7\u00f5es precisam ser adotadas. Temos at\u00e9 2050 para zerar as emiss\u00f5es se quisermos um futuro razoavelmente seguro\u201d, alerta.<\/p>\n<p style=\"text-align: justify;\">Antes do evento aberto ao p\u00fablico, os participantes visitar\u00e3o projetos comunit\u00e1rios de adapta\u00e7\u00e3o \u00e0s mudan\u00e7as clim\u00e1ticas no Rio de Janeiro, como o Grupo Eco, no Morro Santa Marta, o Projeto G\u00eanesis, em S\u00e3o Gon\u00e7alo, e o Recicla\u00e7\u00e3o, que promove conscientiza\u00e7\u00e3o e pr\u00e1ticas de gest\u00e3o sustent\u00e1vel de res\u00edduos no Morro dos Prazeres. <\/p>\n<p>As lideran\u00e7as religiosas confirmadas que participar\u00e3o da mesa internacional s\u00e3o:<\/p>\n<p style=\"text-align: justify;\">&#8211; Babalorix\u00e1 yorubano Kola Abimbola, da Nig\u00e9ria, professor da Howard University;\u00a0 Pastora Presbiteriana Neddy Astudillo, dos Estados Unidos; <br \/>&#8211; Reverendo Fletcher Harper, Pastor Episcopal dos Estados Unidos, diretor executivo da ONG GreenFaith;<br \/>&#8211; M\u00e3e Beata de Yemonj\u00e1 \u2013 Iyalorix\u00e1 do Il\u00ea Omi Ojuar\u00f4; <br \/>&#8211; Pastor Evang\u00e9lico Ariovaldo Ramos; <br \/>&#8211; M\u00e3e Fl\u00e1via Pinto Sacerdotisa de Umbanda Sacerdotisa e fundadora do Terreiro de Umbanda Casa do Perd\u00e3o;<br \/>&#8211; Monge Budista Lama Padma Santa \u2013 Fundador do Instituto Caminho do Meio &#8211; (CEBB) &#8211; A confirmar<\/p>\n<p>Al\u00e9m dessas lideran\u00e7as, estar\u00e3o presentes tamb\u00e9m a te\u00f3loga metodista Nancy Cardoso Pereira; o Frei Franciscano Alamiro Andrade; o representante da comunidade isl\u00e2mica Samir Ahmed Isbelle; a l\u00edder Hare Krishna Raga Bhumi; Og Sperle da Uni\u00e3o Wicca do Brasil; Maria das Gra\u00e7as Nascimento, do Movimento Inter Religioso; e Wanda Linhares, da Grande Fraternidade Branca.<\/p>\n<p style=\"text-align: justify;\">Servi\u00e7o: Marcha pela Ba\u00eda de Guanabara<br \/>Data: 3 de maio de 2017<br \/>Hor\u00e1rio: a partir de 14h00<br \/>Local: sa\u00edda do Museu Hist\u00f3rico Nacional &#8211; Pra\u00e7a Mal. \u00c2ncora, s\/n \u2013 Centro<\/p>\n<p style=\"text-align: justify;\">\u00a0<\/p>\n<p style=\"text-align: justify;\">Fonte: AViV Comunica\u00e7\u00e3o<\/p>\n","protected":false},"excerpt":{"rendered":"<p>50 jovens de 17 pa\u00edses da Am\u00e9rica Latina, junto com lideran\u00e7as religiosas de diferentes tradi\u00e7\u00f5es, realizar\u00e3o um ato p\u00fablico pela Ba\u00eda de Guanabara na quarta-feira, dia 3 de maio. O evento, aberto ao p\u00fablico, ter\u00e1 in\u00edcio \u00e0s 14h00 com uma palestra gratuita sobre a Ba\u00eda no Museu Hist\u00f3rico Nacional, de onde sair\u00e1 a caminhada a [&hellip;]<\/p>\n","protected":false},"author":1,"featured_media":0,"comment_status":"open","ping_status":"open","sticky":false,"template":"","format":"standard","meta":{"footnotes":""},"categories":[4],"tags":[],"class_list":["post-29620","post","type-post","status-publish","format-standard","hentry","category-cotidiano"],"_links":{"self":[{"href":"https:\/\/catolicanet.net\/wp-cnet\/wp-json\/wp\/v2\/posts\/29620","targetHints":{"allow":["GET"]}}],"collection":[{"href":"https:\/\/catolicanet.net\/wp-cnet\/wp-json\/wp\/v2\/posts"}],"about":[{"href":"https:\/\/catolicanet.net\/wp-cnet\/wp-json\/wp\/v2\/types\/post"}],"author":[{"embeddable":true,"href":"https:\/\/catolicanet.net\/wp-cnet\/wp-json\/wp\/v2\/users\/1"}],"replies":[{"embeddable":true,"href":"https:\/\/catolicanet.net\/wp-cnet\/wp-json\/wp\/v2\/comments?post=29620"}],"version-history":[{"count":1,"href":"https:\/\/catolicanet.net\/wp-cnet\/wp-json\/wp\/v2\/posts\/29620\/revisions"}],"predecessor-version":[{"id":30937,"href":"https:\/\/catolicanet.net\/wp-cnet\/wp-json\/wp\/v2\/posts\/29620\/revisions\/30937"}],"wp:attachment":[{"href":"https:\/\/catolicanet.net\/wp-cnet\/wp-json\/wp\/v2\/media?parent=29620"}],"wp:term":[{"taxonomy":"category","embeddable":true,"href":"https:\/\/catolicanet.net\/wp-cnet\/wp-json\/wp\/v2\/categories?post=29620"},{"taxonomy":"post_tag","embeddable":true,"href":"https:\/\/catolicanet.net\/wp-cnet\/wp-json\/wp\/v2\/tags?post=29620"}],"curies":[{"name":"wp","href":"https:\/\/api.w.org\/{rel}","templated":true}]}}