{"id":29618,"date":"2017-04-25T11:32:38","date_gmt":"2017-04-25T14:32:38","guid":{"rendered":"http:\/\/catolicanet.net\/wp-cnet\/2017\/04\/25\/a-misericordia-do-deus-eterno\/"},"modified":"2017-06-08T16:46:24","modified_gmt":"2017-06-08T19:46:24","slug":"a-misericordia-do-deus-eterno","status":"publish","type":"post","link":"https:\/\/catolicanet.net\/wp-cnet\/a-misericordia-do-deus-eterno\/","title":{"rendered":"A Miseric\u00f3rdia do Deus eterno"},"content":{"rendered":"<p style=\"text-align: justify;\">O Regina Caeli \u00e9 a ora\u00e7\u00e3o mariana que cede lugar ao Angelus, ora\u00e7\u00e3o e louvor dos cat\u00f3licos por ocasi\u00e3o do Tempo Pascal, que vai do Domingo de P\u00e1scoa at\u00e9 a Festa de Pentecostes, numa maneira de consagrar o dia a Deus e \u00e0 Virgem Maria. \u00c9 o convite da Igreja aos seguidores de Jesus de Nazar\u00e9, agradecida e exultando de alegria pela ressurrei\u00e7\u00e3o do Filho de Deus, sem jamais se separar do mist\u00e9rio da encarna\u00e7\u00e3o do Senhor. O Papa Francisco assim se pronunciou no Regina Caeli (23\/04\/2017): &#8220;A experi\u00eancia da miseric\u00f3rdia abre a porta da mente para compreender melhor o mist\u00e9rio de Deus e da nossa exist\u00eancia pessoal&#8221;. Ressaltou igualmente que &#8220;a miseric\u00f3rdia abre a porta do cora\u00e7\u00e3o e permite expressar a proximidade, sobretudo, aos que est\u00e3o s\u00f3s e marginalizados, porque os faz sentir irm\u00e3os e filhos de um s\u00f3 Pai&#8221;.<br \/>Render gra\u00e7as ao bom Deus &#8211; porque sua miseric\u00f3rdia \u00e9 eterna &#8211; significa acreditar que a \u00fanica sa\u00edda \u00e9 a vida renovada na P\u00e1scoa do Senhor, proporcionando a supera\u00e7\u00e3o de todo medo. O convite \u00e9 para que, repletos de feliz esperan\u00e7a, com os olhos fixos na f\u00e9 e no testemunho, voltemo-nos, evidentemente, para Jesus ressuscitado e seu maravilhoso projeto de amor. Pela generosidade, doa\u00e7\u00e3o e ren\u00fancia, somos chamados a provar a nossa f\u00e9 no contexto misterioso da ressurrei\u00e7\u00e3o. Jesus ressuscitado, ao se apresentar aos disc\u00edpulos, oferece-lhes a paz, infundindo neles a vida e a esperan\u00e7a, revela o verdadeiro sentido da alegria pascal.<br \/>O nosso mundo hodierno, t\u00e3o diverso, vive envolto em sinais de mortes, exig\u00eancias e desafios.\u00a0 Nossa esperan\u00e7a, por\u00e9m, est\u00e1 em um Deus que n\u00e3o est\u00e1 longe, \u00e0 margem do mundo e da criatura humana. Urge v\u00ea-Lo sempre mais pr\u00f3ximo, no convite sempre renovado, a partir de sua morte de cruz e sua P\u00e1scoa, a uma generosa entrega, ao oferecer tudo de que precisamos, dando-nos tamb\u00e9m for\u00e7a e vigor, indispens\u00e1veis para prosseguirmos com seguran\u00e7a na constru\u00e7\u00e3o do nosso futuro definitivo. Deus nos conceda sempre mais a gra\u00e7a de abra\u00e7ar o mist\u00e9rio t\u00e3o excelso, em uma s\u00f3lida firmeza de f\u00e9 e de coragem prof\u00e9tica, apoiando-nos nas armas do amor, que t\u00eam origem no Senhor ressuscitado.<br \/>Que neste Ano Mariano\/2017, dos 300 anos de Nossa Senhora Aparecida, fique a li\u00e7\u00e3o de \u00e2nimo e esperan\u00e7a, vivenciada por Maria, agora no Tempo Pascal, com o Regina Caeli: \u201c\u00d3 Deus, que Vos dignastes alegrar o mundo com a Ressurrei\u00e7\u00e3o do Vosso Filho Jesus Cristo, Senhor Nosso, concedei-nos, Vos suplicamos, que por sua M\u00e3e, a Virgem Maria, alcancemos as alegrias da vida eterna. Por Cristo, Senhor Nosso\u201d. Am\u00e9m!<\/p>\n","protected":false},"excerpt":{"rendered":"<p>O Regina Caeli \u00e9 a ora\u00e7\u00e3o mariana que cede lugar ao Angelus, ora\u00e7\u00e3o e louvor dos cat\u00f3licos por ocasi\u00e3o do Tempo Pascal, que vai do Domingo de P\u00e1scoa at\u00e9 a Festa de Pentecostes, numa maneira de consagrar o dia a Deus e \u00e0 Virgem Maria. \u00c9 o convite da Igreja aos seguidores de Jesus de [&hellip;]<\/p>\n","protected":false},"author":6,"featured_media":0,"comment_status":"open","ping_status":"open","sticky":false,"template":"","format":"standard","meta":{"footnotes":""},"categories":[9],"tags":[],"class_list":["post-29618","post","type-post","status-publish","format-standard","hentry","category-artigos"],"_links":{"self":[{"href":"https:\/\/catolicanet.net\/wp-cnet\/wp-json\/wp\/v2\/posts\/29618","targetHints":{"allow":["GET"]}}],"collection":[{"href":"https:\/\/catolicanet.net\/wp-cnet\/wp-json\/wp\/v2\/posts"}],"about":[{"href":"https:\/\/catolicanet.net\/wp-cnet\/wp-json\/wp\/v2\/types\/post"}],"author":[{"embeddable":true,"href":"https:\/\/catolicanet.net\/wp-cnet\/wp-json\/wp\/v2\/users\/6"}],"replies":[{"embeddable":true,"href":"https:\/\/catolicanet.net\/wp-cnet\/wp-json\/wp\/v2\/comments?post=29618"}],"version-history":[{"count":1,"href":"https:\/\/catolicanet.net\/wp-cnet\/wp-json\/wp\/v2\/posts\/29618\/revisions"}],"predecessor-version":[{"id":30939,"href":"https:\/\/catolicanet.net\/wp-cnet\/wp-json\/wp\/v2\/posts\/29618\/revisions\/30939"}],"wp:attachment":[{"href":"https:\/\/catolicanet.net\/wp-cnet\/wp-json\/wp\/v2\/media?parent=29618"}],"wp:term":[{"taxonomy":"category","embeddable":true,"href":"https:\/\/catolicanet.net\/wp-cnet\/wp-json\/wp\/v2\/categories?post=29618"},{"taxonomy":"post_tag","embeddable":true,"href":"https:\/\/catolicanet.net\/wp-cnet\/wp-json\/wp\/v2\/tags?post=29618"}],"curies":[{"name":"wp","href":"https:\/\/api.w.org\/{rel}","templated":true}]}}