{"id":29607,"date":"2017-04-24T16:34:07","date_gmt":"2017-04-24T19:34:07","guid":{"rendered":"http:\/\/catolicanet.net\/wp-cnet\/2017\/04\/24\/regional-nordeste-3-lanca-subsidio-especial-para-a-celebrar-o-mes-dedicado-a-nossa-senhora\/"},"modified":"2017-06-09T09:01:10","modified_gmt":"2017-06-09T12:01:10","slug":"regional-nordeste-3-lanca-subsidio-especial-para-a-celebrar-o-mes-dedicado-a-nossa-senhora","status":"publish","type":"post","link":"https:\/\/catolicanet.net\/wp-cnet\/regional-nordeste-3-lanca-subsidio-especial-para-a-celebrar-o-mes-dedicado-a-nossa-senhora\/","title":{"rendered":"Regional Nordeste 3 lan\u00e7a subs\u00eddio especial para a celebrar o m\u00eas dedicado a Nossa Senhora"},"content":{"rendered":"<p style=\"text-align: justify;\"><img decoding=\"async\" src=\"http:\/\/www.catolicanet.com.br\/images\/stories\/noticias2017\/susbdio-mariano.jpg\" border=\"0\" align=\"left\" \/>O subs\u00eddio \u00e9 dividido em quatro encontros para serem trabalhados nas comunidades<\/p>\n<p>As 25 dioceses que comp\u00f5em o Regional Nordeste 3 da Confer\u00eancia Nacional dos Bispos do Brasil (CNBB) j\u00e1 t\u00eam \u00e0 sua disposi\u00e7\u00e3o o subs\u00eddio criado no contexto do Ano Nacional Mariano para os encontros que acontecer\u00e3o nas comunidades durante o m\u00eas de maio, dedicado, tradicionalmente, a Nossa Senhora.<\/p>\n<p>O texto foi especialmente preparado para as Dioceses da Bahia e do Sergipe e convida a conhecer o lugar de Maria na vida de Cristo, da Igreja e na Hist\u00f3ria da Salva\u00e7\u00e3o; bem como agradecer a Deus pela grande devo\u00e7\u00e3o \u00e0 Virgem Aparecida que existe em nosso pa\u00eds.<\/p>\n<p>\u201cEste Subs\u00eddio para o Ano Mariano quer ajudar as pessoas individualmente, as fam\u00edlias, os grupos b\u00edblicos, as CEBs, as pastorais, os movimentos etc. a celebrar, fazer mem\u00f3ria e agradecer a Deus pela presen\u00e7a entre n\u00f3s de uma pequena imagem, rica de simbolismos \u2013 imagem que nos lembra aquela que, apontando Jesus, disse aos servidores de Can\u00e1: \u2018Fazei tudo o que Ele vos disser!\u2019\u201d, escreveu o Arcebispo de Salvador e Primaz do Brasil, Dom Murilo Krieger.<\/p>\n<p>O subs\u00eddio \u00e9 dividido em quatro encontros, com os temas \u201cDeus escolhe ter uma M\u00e3e\u201d, \u201cDeus envolve a mulher no seu projeto de amor\u201d, \u201cDeus faz de Maria M\u00e3e da Humanidade\u201d, \u201cDeus oferece ao Brasil sua pr\u00f3pria M\u00e3e\u201d.<\/p>\n<p>O material pode ser adquirido, sobretudo pelas par\u00f3quias da Arquidiocese de S\u00e3o Salvador, na sede da CNBB Regional NE3, localizada na C\u00faria Bom Pastor (avenida Leovigildo Filgueiras, 270, Garcia).<\/p>\n<p>Rezemos pelos bons frutos desses encontros e do Ano Nacional Mariano: \u201cM\u00e3e Aparecida, fique \u00e0 vontade. A casa \u00e9 sua!\u201d.<\/p>\n<p style=\"text-align: justify;\">Com informa\u00e7\u00f5es da Ascom do Regional Nordeste 3<\/p>\n<p style=\"text-align: justify;\">\u00a0<\/p>\n<p style=\"text-align: justify;\">Fonte: CNBB<\/p>\n","protected":false},"excerpt":{"rendered":"<p>O subs\u00eddio \u00e9 dividido em quatro encontros para serem trabalhados nas comunidades As 25 dioceses que comp\u00f5em o Regional Nordeste 3 da Confer\u00eancia Nacional dos Bispos do Brasil (CNBB) j\u00e1 t\u00eam \u00e0 sua disposi\u00e7\u00e3o o subs\u00eddio criado no contexto do Ano Nacional Mariano para os encontros que acontecer\u00e3o nas comunidades durante o m\u00eas de maio, [&hellip;]<\/p>\n","protected":false},"author":1,"featured_media":29606,"comment_status":"open","ping_status":"open","sticky":false,"template":"","format":"standard","meta":{"footnotes":""},"categories":[4],"tags":[],"class_list":["post-29607","post","type-post","status-publish","format-standard","has-post-thumbnail","hentry","category-cotidiano"],"_links":{"self":[{"href":"https:\/\/catolicanet.net\/wp-cnet\/wp-json\/wp\/v2\/posts\/29607","targetHints":{"allow":["GET"]}}],"collection":[{"href":"https:\/\/catolicanet.net\/wp-cnet\/wp-json\/wp\/v2\/posts"}],"about":[{"href":"https:\/\/catolicanet.net\/wp-cnet\/wp-json\/wp\/v2\/types\/post"}],"author":[{"embeddable":true,"href":"https:\/\/catolicanet.net\/wp-cnet\/wp-json\/wp\/v2\/users\/1"}],"replies":[{"embeddable":true,"href":"https:\/\/catolicanet.net\/wp-cnet\/wp-json\/wp\/v2\/comments?post=29607"}],"version-history":[{"count":1,"href":"https:\/\/catolicanet.net\/wp-cnet\/wp-json\/wp\/v2\/posts\/29607\/revisions"}],"predecessor-version":[{"id":30946,"href":"https:\/\/catolicanet.net\/wp-cnet\/wp-json\/wp\/v2\/posts\/29607\/revisions\/30946"}],"wp:featuredmedia":[{"embeddable":true,"href":"https:\/\/catolicanet.net\/wp-cnet\/wp-json\/wp\/v2\/media\/29606"}],"wp:attachment":[{"href":"https:\/\/catolicanet.net\/wp-cnet\/wp-json\/wp\/v2\/media?parent=29607"}],"wp:term":[{"taxonomy":"category","embeddable":true,"href":"https:\/\/catolicanet.net\/wp-cnet\/wp-json\/wp\/v2\/categories?post=29607"},{"taxonomy":"post_tag","embeddable":true,"href":"https:\/\/catolicanet.net\/wp-cnet\/wp-json\/wp\/v2\/tags?post=29607"}],"curies":[{"name":"wp","href":"https:\/\/api.w.org\/{rel}","templated":true}]}}