{"id":29600,"date":"2017-04-24T14:53:36","date_gmt":"2017-04-24T17:53:36","guid":{"rendered":"http:\/\/catolicanet.net\/wp-cnet\/2017\/04\/24\/igrejaportugal-conferencia-episcopal-em-eleicoes-para-orgaos-de-direcao\/"},"modified":"2017-06-09T09:04:32","modified_gmt":"2017-06-09T12:04:32","slug":"igrejaportugal-conferencia-episcopal-em-eleicoes-para-orgaos-de-direcao","status":"publish","type":"post","link":"https:\/\/catolicanet.net\/wp-cnet\/igrejaportugal-conferencia-episcopal-em-eleicoes-para-orgaos-de-direcao\/","title":{"rendered":"Igreja\/Portugal: Confer\u00eancia Episcopal em elei\u00e7\u00f5es para \u00f3rg\u00e3os de dire\u00e7\u00e3o"},"content":{"rendered":"<p style=\"text-align: justify;\"><img decoding=\"async\" src=\"http:\/\/www.catolicanet.com.br\/images\/stories\/noticias2017\/assembleia_plenaria_novembro2016.jpg\" border=\"0\" align=\"left\" \/>Centen\u00e1rio das Apari\u00e7\u00f5es e visita do Papa na agenda da Assembleia Plen\u00e1ria, onde est\u00e3o em debate tamb\u00e9m documentos sobre inc\u00eandios e catequese<\/p>\n<p>Lisboa, 24 abr 2017 (Ecclesia) \u2013 A Confer\u00eancia Episcopal Portuguesa (CEP) vai reunir-se em F\u00e1tima de 24 a 27 de abril numa Assembleia Plen\u00e1ria com elei\u00e7\u00f5es para a presid\u00eancia e as dire\u00e7\u00f5es das comiss\u00f5es do organismo cat\u00f3lico, no tri\u00e9nio 2017-2020.<\/p>\n<p>A 191.\u00aa Assembleia Plen\u00e1ria da CEP vai ainda debater uma carta pastoral sobre a Catequese, uma nota sobre os inc\u00eandios e a pastoral nas pris\u00f5es, al\u00e9m de prosseguir a reflex\u00e3o sobre a Exorta\u00e7\u00e3o Apost\u00f3lica \u2018Amoris laetitia\u2019, do Papa Francisco, sobre a Fam\u00edlia.<\/p>\n<p>Em cima da mesa est\u00e1 ainda a celebra\u00e7\u00e3o do Centen\u00e1rio das Apari\u00e7\u00f5es e a visita do Papa em F\u00e1tima, a 12 e 13 de maio.<\/p>\n<p>A sess\u00e3o de abertura, com interven\u00e7\u00e3o de D. Manuel Clemente, cardeal-patriarca de Lisboa e presidente da CEP, est\u00e1 marcada para as 16h00 desta segunda-feira.<\/p>\n<p>Ap\u00f3s o encerramento da Assembleia, a 27 de abril, vai ter lugar pelas 14h30 uma confer\u00eancia de imprensa na qual ser\u00e1 apresentado o comunicado final dos trabalhos.<\/p>\n<p>De acordo com os estatutos da Confer\u00eancia Episcopal, aprovados em novembro de 2010, o presidente e vice-presidente v\u00e3o ser eleitos entre os 21 bispos das duas dezenas de dioceses territoriais e do Ordinariato Castrense (For\u00e7as Armadas e de Seguran\u00e7a).<\/p>\n<p>A CEP foi formalmente reconhecida a seguir ao Conc\u00edlio Vaticano II, em 1967, com a ratifica\u00e7\u00e3o pela Santa S\u00e9 dos primeiros Estatutos aprovados na Assembleia Plen\u00e1ria de 16 de maio.<\/p>\n<p>O discurso inaugural dos trabalhos vai contar com transmiss\u00e3o em direto, atrav\u00e9s da p\u00e1gina da Ag\u00eancia ECCLESIA no Facebook (www.facebook.com\/agenciaecclesia).<\/p>\n<p style=\"text-align: justify;\">\u00a0<\/p>\n<p style=\"text-align: justify;\">Fonte: Ag\u00eancia Ecclesia<\/p>\n","protected":false},"excerpt":{"rendered":"<p>Centen\u00e1rio das Apari\u00e7\u00f5es e visita do Papa na agenda da Assembleia Plen\u00e1ria, onde est\u00e3o em debate tamb\u00e9m documentos sobre inc\u00eandios e catequese Lisboa, 24 abr 2017 (Ecclesia) \u2013 A Confer\u00eancia Episcopal Portuguesa (CEP) vai reunir-se em F\u00e1tima de 24 a 27 de abril numa Assembleia Plen\u00e1ria com elei\u00e7\u00f5es para a presid\u00eancia e as dire\u00e7\u00f5es das [&hellip;]<\/p>\n","protected":false},"author":1,"featured_media":29599,"comment_status":"open","ping_status":"open","sticky":false,"template":"","format":"standard","meta":{"footnotes":""},"categories":[4],"tags":[],"class_list":["post-29600","post","type-post","status-publish","format-standard","has-post-thumbnail","hentry","category-cotidiano"],"_links":{"self":[{"href":"https:\/\/catolicanet.net\/wp-cnet\/wp-json\/wp\/v2\/posts\/29600","targetHints":{"allow":["GET"]}}],"collection":[{"href":"https:\/\/catolicanet.net\/wp-cnet\/wp-json\/wp\/v2\/posts"}],"about":[{"href":"https:\/\/catolicanet.net\/wp-cnet\/wp-json\/wp\/v2\/types\/post"}],"author":[{"embeddable":true,"href":"https:\/\/catolicanet.net\/wp-cnet\/wp-json\/wp\/v2\/users\/1"}],"replies":[{"embeddable":true,"href":"https:\/\/catolicanet.net\/wp-cnet\/wp-json\/wp\/v2\/comments?post=29600"}],"version-history":[{"count":1,"href":"https:\/\/catolicanet.net\/wp-cnet\/wp-json\/wp\/v2\/posts\/29600\/revisions"}],"predecessor-version":[{"id":30950,"href":"https:\/\/catolicanet.net\/wp-cnet\/wp-json\/wp\/v2\/posts\/29600\/revisions\/30950"}],"wp:featuredmedia":[{"embeddable":true,"href":"https:\/\/catolicanet.net\/wp-cnet\/wp-json\/wp\/v2\/media\/29599"}],"wp:attachment":[{"href":"https:\/\/catolicanet.net\/wp-cnet\/wp-json\/wp\/v2\/media?parent=29600"}],"wp:term":[{"taxonomy":"category","embeddable":true,"href":"https:\/\/catolicanet.net\/wp-cnet\/wp-json\/wp\/v2\/categories?post=29600"},{"taxonomy":"post_tag","embeddable":true,"href":"https:\/\/catolicanet.net\/wp-cnet\/wp-json\/wp\/v2\/tags?post=29600"}],"curies":[{"name":"wp","href":"https:\/\/api.w.org\/{rel}","templated":true}]}}