{"id":29598,"date":"2017-04-24T14:46:50","date_gmt":"2017-04-24T17:46:50","guid":{"rendered":"http:\/\/catolicanet.net\/wp-cnet\/2017\/04\/24\/c9-reunido-no-vaticano-a-reforma-vai-adiante\/"},"modified":"2017-06-09T09:05:10","modified_gmt":"2017-06-09T12:05:10","slug":"c9-reunido-no-vaticano-a-reforma-vai-adiante","status":"publish","type":"post","link":"https:\/\/catolicanet.net\/wp-cnet\/c9-reunido-no-vaticano-a-reforma-vai-adiante\/","title":{"rendered":"C9 reunido no Vaticano: a reforma vai adiante"},"content":{"rendered":"<p style=\"text-align: justify;\"><img decoding=\"async\" src=\"http:\/\/www.catolicanet.com.br\/images\/stories\/papas\/ansa492807_articolo.jpg\" border=\"0\" align=\"left\" \/>Cidade do Vaticano (RV) &#8211; O Conselho consultivo de cardeais do Papa Francisco, denominado C9, est\u00e1 reunido com o Pont\u00edfice desde segunda-feira (24\/04) at\u00e9 quarta-feira (26\/04), para prosseguir o trabalho de reforma dos organismos do governo central da Igreja.<\/p>\n<p>O cardeal hondurenho Oscar Andr\u00e9s Rodr\u00edguez Maradiaga, coordenador do C9, abriu a sess\u00e3o da manh\u00e3, depois que todo o grupo concelebrou a missa na Casa Santa Marta.<\/p>\n<p>A sess\u00e3o em andamento \u00e9 a 19\u00aa reuni\u00e3o do Conselho, constitu\u00eddo em 28 de setembro de 2013 para apoiar Francisco na reforma da C\u00faria Romana.<\/p>\n<p>O primeiro encontro de 2017 decorreu em fevereiro, quando o grupo de trabalho examinou a \u201cDiaconia da Justi\u00e7a\u201d, isto \u00e9, o trabalho dos v\u00e1rios Tribunais &#8211; Penitenciaria Apost\u00f3lica, Supremo Tribunal da Assinatura Apost\u00f3lica e o Tribunal da Rota Romana. Naquela ocasi\u00e3o, o C9 deu prosseguimento \u00e0 an\u00e1lise dos dicast\u00e9rios, em especial da Congrega\u00e7\u00e3o para a Evangeliza\u00e7\u00e3o dos Povos (Propaganda Fide); a Congrega\u00e7\u00e3o para as Igrejas Orientais; e o Pontif\u00edcio Conselho para o Di\u00e1logo Inter-religioso. Tamb\u00e9m foi examinado o processo para a sele\u00e7\u00e3o de candidatos ao Episcopado.<\/p>\n<p>Fazem parte do Conselho: o Secret\u00e1rio de Estado do Vaticano, Pietro Parolin, o hondurenho Andr\u00e9s Rodr\u00edguez Maradiaga, o italiano Giuseppe Bertello, o estadunidense Sean Patrick O&#8217;Malley, o chileno Francisco Javier Err\u00e1zuriz Ossa, o indiano Oswald Gracias, o alem\u00e3o Reinhard Marx, congol\u00eas Laurent Monsengwo Pasinya e o australiano George Pell.<\/p>\n<p style=\"text-align: justify;\">\u00a0<\/p>\n<p style=\"text-align: justify;\">Fonte: R\u00e1dio Vaticano<\/p>\n","protected":false},"excerpt":{"rendered":"<p>Cidade do Vaticano (RV) &#8211; O Conselho consultivo de cardeais do Papa Francisco, denominado C9, est\u00e1 reunido com o Pont\u00edfice desde segunda-feira (24\/04) at\u00e9 quarta-feira (26\/04), para prosseguir o trabalho de reforma dos organismos do governo central da Igreja. O cardeal hondurenho Oscar Andr\u00e9s Rodr\u00edguez Maradiaga, coordenador do C9, abriu a sess\u00e3o da manh\u00e3, depois [&hellip;]<\/p>\n","protected":false},"author":1,"featured_media":29597,"comment_status":"open","ping_status":"open","sticky":false,"template":"","format":"standard","meta":{"footnotes":""},"categories":[3],"tags":[],"class_list":["post-29598","post","type-post","status-publish","format-standard","has-post-thumbnail","hentry","category-vaticano"],"_links":{"self":[{"href":"https:\/\/catolicanet.net\/wp-cnet\/wp-json\/wp\/v2\/posts\/29598","targetHints":{"allow":["GET"]}}],"collection":[{"href":"https:\/\/catolicanet.net\/wp-cnet\/wp-json\/wp\/v2\/posts"}],"about":[{"href":"https:\/\/catolicanet.net\/wp-cnet\/wp-json\/wp\/v2\/types\/post"}],"author":[{"embeddable":true,"href":"https:\/\/catolicanet.net\/wp-cnet\/wp-json\/wp\/v2\/users\/1"}],"replies":[{"embeddable":true,"href":"https:\/\/catolicanet.net\/wp-cnet\/wp-json\/wp\/v2\/comments?post=29598"}],"version-history":[{"count":1,"href":"https:\/\/catolicanet.net\/wp-cnet\/wp-json\/wp\/v2\/posts\/29598\/revisions"}],"predecessor-version":[{"id":30951,"href":"https:\/\/catolicanet.net\/wp-cnet\/wp-json\/wp\/v2\/posts\/29598\/revisions\/30951"}],"wp:featuredmedia":[{"embeddable":true,"href":"https:\/\/catolicanet.net\/wp-cnet\/wp-json\/wp\/v2\/media\/29597"}],"wp:attachment":[{"href":"https:\/\/catolicanet.net\/wp-cnet\/wp-json\/wp\/v2\/media?parent=29598"}],"wp:term":[{"taxonomy":"category","embeddable":true,"href":"https:\/\/catolicanet.net\/wp-cnet\/wp-json\/wp\/v2\/categories?post=29598"},{"taxonomy":"post_tag","embeddable":true,"href":"https:\/\/catolicanet.net\/wp-cnet\/wp-json\/wp\/v2\/tags?post=29598"}],"curies":[{"name":"wp","href":"https:\/\/api.w.org\/{rel}","templated":true}]}}