{"id":29596,"date":"2017-04-24T14:41:30","date_gmt":"2017-04-24T17:41:30","guid":{"rendered":"http:\/\/catolicanet.net\/wp-cnet\/2017\/04\/24\/cardeal-parolin-participa-do-villaggio-sport4earth-promovido-pelos-focolares\/"},"modified":"2017-06-09T09:05:48","modified_gmt":"2017-06-09T12:05:48","slug":"cardeal-parolin-participa-do-villaggio-sport4earth-promovido-pelos-focolares","status":"publish","type":"post","link":"https:\/\/catolicanet.net\/wp-cnet\/cardeal-parolin-participa-do-villaggio-sport4earth-promovido-pelos-focolares\/","title":{"rendered":"Cardeal Parolin participa do &#8216;Villaggio Sport4Earth&#8217;, promovido pelos Focolares"},"content":{"rendered":"<p style=\"text-align: justify;\"><img decoding=\"async\" src=\"http:\/\/www.catolicanet.com.br\/images\/stories\/padres\/ansa994169_articolo.jpg\" border=\"0\" align=\"left\" \/>Roma (RV) \u2013 \u201cComprometamo-nos juntos em defender este nosso patrim\u00f4nio comum e em tutelar sobretudo os direitos de quem tem mais necessidade, salvaguardando a terra\u201d.<\/p>\n<p>Com esta afirma\u00e7\u00e3o o Cardeal Secret\u00e1rio de Estado Pietro Parolin, exortou na manh\u00e3 do domingo 23 de abril, os participantes reunidos na Villa Borghese, em Roma, para a Aldeia Sport4Earth, iniciativa promovida pelo Movimento dos Focolares e Earth Day Italia e inserida no evento \u201cVillaggio della Terra\u201d.<\/p>\n<p>\u201cAlgo importante que quero sublinhar e confiar a voc\u00eas \u00e9 que esta a\u00e7\u00e3o deve ser feita juntos\u201d, disse Parolin. \u201cColoco-me na esteira da visita do Papa h\u00e1 um ano e da mensagem que deixou a voc\u00eas e que vos tocou profundamente como programa de gra\u00e7a. N\u00e3o temos necessidade de tantos discursos para dizer qu\u00e3o bela \u00e9 a terra\u201d. Devemos \u201cdefender a terra e os direitos de quem t\u00eam necessidade\u201d, reiterou o Cardeal na homilia da Missa que presidiu no local, para muitos fi\u00e9is presentes.<\/p>\n<p>O purpurado recordou ainda a mensagem contida na Enc\u00edclica social do Papa Francisco, Laudato Si: \u201c Esta irm\u00e3 clama contra o mal que lhe provocamos por causa do uso irrespons\u00e1vel e do abuso dos bens que Deus nela colocou. Crescemos a pensar que \u00e9ramos seus propriet\u00e1rios e dominadores, autorizados a saque\u00e1-la. A viol\u00eancia, que est\u00e1 no cora\u00e7\u00e3o humano ferido pelo pecado, vislumbra-se nos sintomas de doen\u00e7a que notamos no solo, na \u00e1gua, no ar e nos seres vivos. Por isso, entre os pobres mais abandonados e maltratados, conta-se a nossa terra oprimida e devastada, que \u00abgeme e sofre as dores do parto\u00bb.\u00a0 Esquecemo-nos de que n\u00f3s mesmos somos terra . O nosso corpo \u00e9 constitu\u00eddo pelos elementos do planeta; o seu ar permite-nos respirar, e a sua \u00e1gua vivifica-nos e restaura-nos. Nada deste mundo nos \u00e9 indiferente\u201d.<\/p>\n<p style=\"text-align: justify;\">\u00a0<\/p>\n<p style=\"text-align: justify;\">Fonte: R\u00e1dio Vaticano<\/p>\n","protected":false},"excerpt":{"rendered":"<p>Roma (RV) \u2013 \u201cComprometamo-nos juntos em defender este nosso patrim\u00f4nio comum e em tutelar sobretudo os direitos de quem tem mais necessidade, salvaguardando a terra\u201d. Com esta afirma\u00e7\u00e3o o Cardeal Secret\u00e1rio de Estado Pietro Parolin, exortou na manh\u00e3 do domingo 23 de abril, os participantes reunidos na Villa Borghese, em Roma, para a Aldeia Sport4Earth, [&hellip;]<\/p>\n","protected":false},"author":1,"featured_media":29595,"comment_status":"open","ping_status":"open","sticky":false,"template":"","format":"standard","meta":{"footnotes":""},"categories":[3],"tags":[],"class_list":["post-29596","post","type-post","status-publish","format-standard","has-post-thumbnail","hentry","category-vaticano"],"_links":{"self":[{"href":"https:\/\/catolicanet.net\/wp-cnet\/wp-json\/wp\/v2\/posts\/29596","targetHints":{"allow":["GET"]}}],"collection":[{"href":"https:\/\/catolicanet.net\/wp-cnet\/wp-json\/wp\/v2\/posts"}],"about":[{"href":"https:\/\/catolicanet.net\/wp-cnet\/wp-json\/wp\/v2\/types\/post"}],"author":[{"embeddable":true,"href":"https:\/\/catolicanet.net\/wp-cnet\/wp-json\/wp\/v2\/users\/1"}],"replies":[{"embeddable":true,"href":"https:\/\/catolicanet.net\/wp-cnet\/wp-json\/wp\/v2\/comments?post=29596"}],"version-history":[{"count":1,"href":"https:\/\/catolicanet.net\/wp-cnet\/wp-json\/wp\/v2\/posts\/29596\/revisions"}],"predecessor-version":[{"id":30952,"href":"https:\/\/catolicanet.net\/wp-cnet\/wp-json\/wp\/v2\/posts\/29596\/revisions\/30952"}],"wp:featuredmedia":[{"embeddable":true,"href":"https:\/\/catolicanet.net\/wp-cnet\/wp-json\/wp\/v2\/media\/29595"}],"wp:attachment":[{"href":"https:\/\/catolicanet.net\/wp-cnet\/wp-json\/wp\/v2\/media?parent=29596"}],"wp:term":[{"taxonomy":"category","embeddable":true,"href":"https:\/\/catolicanet.net\/wp-cnet\/wp-json\/wp\/v2\/categories?post=29596"},{"taxonomy":"post_tag","embeddable":true,"href":"https:\/\/catolicanet.net\/wp-cnet\/wp-json\/wp\/v2\/tags?post=29596"}],"curies":[{"name":"wp","href":"https:\/\/api.w.org\/{rel}","templated":true}]}}