{"id":29588,"date":"2017-04-24T13:57:58","date_gmt":"2017-04-24T16:57:58","guid":{"rendered":"http:\/\/catolicanet.net\/wp-cnet\/2017\/04\/24\/cancao-nova-sedia-encontro-nacional-maes-que-oram-pelos-filhos\/"},"modified":"2017-06-09T09:17:44","modified_gmt":"2017-06-09T12:17:44","slug":"cancao-nova-sedia-encontro-nacional-maes-que-oram-pelos-filhos","status":"publish","type":"post","link":"https:\/\/catolicanet.net\/wp-cnet\/cancao-nova-sedia-encontro-nacional-maes-que-oram-pelos-filhos\/","title":{"rendered":"Can\u00e7\u00e3o Nova sedia encontro nacional \u201cM\u00e3es que oram pelos filhos\u201d"},"content":{"rendered":"<p style=\"text-align: justify;\">Movimento come\u00e7ou no Brasil e hoje est\u00e1 presente nos Estados Unidos e em Hong Kong. Na programa\u00e7\u00e3o, Cardeal Dom Orani Jo\u00e3o Tempesta e Dom Luiz Mancilha Vilela presidem missas<\/p>\n<p>O III Encontro Nacional de M\u00e3es que Oram pelos Filhos acontecer\u00e1 de 28 a 30 de abril de 2017, na Can\u00e7\u00e3o Nova, em Cachoeira Paulista (SP), com o tema \u201cAprendendo a ser m\u00e3e por Maria\u201d. O primeiro grupo, com 20 m\u00e3es que se reuniram para orar por seus filhos, foi fundado na par\u00f3quia S\u00e3o Camilo de Lellis, em Vit\u00f3ria (ES), em 2011. Atualmente o grupo est\u00e1 presente em 21 estados brasileiros, nos Estados Unidos e em Hong Kong.<\/p>\n<p>O encontro inicia na sexta-feira (28\/04) com a missa \u00e0s 20h, no Santu\u00e1rio do Pai das Miseric\u00f3rdias, presidida pelo Cardeal Dom Orani Jo\u00e3o Tempesta, arcebispo do Rio de Janeiro (RJ). Haver\u00e1 momentos de adora\u00e7\u00e3o ao Sant\u00edssimo Sacramento, prega\u00e7\u00f5es e o lan\u00e7amento do CD \u201cM\u00e3es que oram pelos filhos\u201d, no s\u00e1bado (29\/04), \u00e0s 21h. <br \/>Participam tamb\u00e9m do evento o Arcebispo de Vit\u00f3ria (ES), Dom Luiz Mancilha Vilela, a coordenadora do Grupo de M\u00e3es que Oram pelos Filhos no estado do Esp\u00edrito Santo, \u00c2ngela Abdo, e os mission\u00e1rios da Can\u00e7\u00e3o Nova, M\u00e1rcio Mendes, Di\u00e1cono Nelsinho Corr\u00eaa e padre Adriano Zandon\u00e1, para quem esse \u201c\u00e9 um movimento lindo que tem sido suporte para muit\u00edssimas m\u00e3es, fortalecendo-as nas batalhas que enfrentam, a exemplo de Maria nas Bodas de Can\u00e1, que intercedeu\u201d. <br \/>O encerramento ser\u00e1 no domingo (30\/04), com a missa \u00e0s 15h, presidida por Dom Luiz Mancilha. A expectativa de p\u00fablico para os tr\u00eas dias de evento \u00e9 de 15 mil pessoas.<br \/>A programa\u00e7\u00e3o completa est\u00e1 dispon\u00edvel no link:<br \/>eventos.cancaonova.com\/edicao\/encontro-maes-que-oram-pelos-filhos-2<\/p>\n<p>SERVI\u00c7O<br \/>Evento: \u201cEncontro Nacional M\u00e3es que Oram pelos Filhos\u201d \u2013 Tema: \u201cAprendendo a ser m\u00e3e por Maria\u201d<br \/>Data: 28 a 30 de abril de 2017<br \/>Local: Can\u00e7\u00e3o Nova<br \/>Endere\u00e7o: Rua Jo\u00e3o Paulo II, s\/n\u00ba Cachoeira Paulista\/SP<br \/>Entrada: Gratuita<br \/>Mais informa\u00e7\u00f5es: Assessoria de Imprensa Can\u00e7\u00e3o Nova<br \/>assessoria.cancaonova.com<br \/>(12) 3186-2086 \/ (12) 9 9133 4469<\/p>\n<p style=\"text-align: justify;\">\u00a0<\/p>\n<p style=\"text-align: justify;\">Fonte: Assessoria de Imprensa Can\u00e7\u00e3o Nova<\/p>\n","protected":false},"excerpt":{"rendered":"<p>Movimento come\u00e7ou no Brasil e hoje est\u00e1 presente nos Estados Unidos e em Hong Kong. Na programa\u00e7\u00e3o, Cardeal Dom Orani Jo\u00e3o Tempesta e Dom Luiz Mancilha Vilela presidem missas O III Encontro Nacional de M\u00e3es que Oram pelos Filhos acontecer\u00e1 de 28 a 30 de abril de 2017, na Can\u00e7\u00e3o Nova, em Cachoeira Paulista (SP), [&hellip;]<\/p>\n","protected":false},"author":1,"featured_media":0,"comment_status":"open","ping_status":"open","sticky":false,"template":"","format":"standard","meta":{"footnotes":""},"categories":[4],"tags":[],"class_list":["post-29588","post","type-post","status-publish","format-standard","hentry","category-cotidiano"],"_links":{"self":[{"href":"https:\/\/catolicanet.net\/wp-cnet\/wp-json\/wp\/v2\/posts\/29588","targetHints":{"allow":["GET"]}}],"collection":[{"href":"https:\/\/catolicanet.net\/wp-cnet\/wp-json\/wp\/v2\/posts"}],"about":[{"href":"https:\/\/catolicanet.net\/wp-cnet\/wp-json\/wp\/v2\/types\/post"}],"author":[{"embeddable":true,"href":"https:\/\/catolicanet.net\/wp-cnet\/wp-json\/wp\/v2\/users\/1"}],"replies":[{"embeddable":true,"href":"https:\/\/catolicanet.net\/wp-cnet\/wp-json\/wp\/v2\/comments?post=29588"}],"version-history":[{"count":1,"href":"https:\/\/catolicanet.net\/wp-cnet\/wp-json\/wp\/v2\/posts\/29588\/revisions"}],"predecessor-version":[{"id":30956,"href":"https:\/\/catolicanet.net\/wp-cnet\/wp-json\/wp\/v2\/posts\/29588\/revisions\/30956"}],"wp:attachment":[{"href":"https:\/\/catolicanet.net\/wp-cnet\/wp-json\/wp\/v2\/media?parent=29588"}],"wp:term":[{"taxonomy":"category","embeddable":true,"href":"https:\/\/catolicanet.net\/wp-cnet\/wp-json\/wp\/v2\/categories?post=29588"},{"taxonomy":"post_tag","embeddable":true,"href":"https:\/\/catolicanet.net\/wp-cnet\/wp-json\/wp\/v2\/tags?post=29588"}],"curies":[{"name":"wp","href":"https:\/\/api.w.org\/{rel}","templated":true}]}}