{"id":29587,"date":"2017-04-24T13:53:04","date_gmt":"2017-04-24T16:53:04","guid":{"rendered":"http:\/\/catolicanet.net\/wp-cnet\/2017\/04\/24\/o-encanto-da-baleia\/"},"modified":"2017-06-09T09:18:17","modified_gmt":"2017-06-09T12:18:17","slug":"o-encanto-da-baleia","status":"publish","type":"post","link":"https:\/\/catolicanet.net\/wp-cnet\/o-encanto-da-baleia\/","title":{"rendered":"O encanto da baleia"},"content":{"rendered":"<p style=\"text-align: justify;\">De repente, um s\u00f3 assunto domina o mundo. Seja em c\u00edrculos de amigos, de desconhecidos \u00e0 espera da condu\u00e7\u00e3o, de romeiros a caminho da gra\u00e7a, do cidad\u00e3o na fila burocr\u00e1tica, da rodinha em volta do prato, da cerveja, dos doces&#8230; De repente, todos comentam a uma s\u00f3 voz o encanto miraculoso do gigante cret\u00e1ceo em vias de extin\u00e7\u00e3o. Enfim, o mundo descobre que baleias existem e que ainda navegam em oceanos profundos, onde mist\u00e9rio e m\u00edstica se confundem e a amea\u00e7a de morte ronda seus dom\u00ednios, suas exist\u00eancias&#8230; Qual seu segredo, oh inef\u00e1vel e bel\u00edssima dominadora dos sete mares, oh pr\u00f3diga baleia azul? Seu nome j\u00e1 n\u00e3o encanta, mas assusta! Que lhe fizeram de t\u00e3o dr\u00e1stico e temeroso, para torn\u00e1-la sin\u00f4nimo de desgra\u00e7as e s\u00edmbolo da perversidade humana? Ao bel\u00edssimo animal nada mais fizemos do que adiar um pouco sua extin\u00e7\u00e3o, mas ao animal que somos, ah! \u2013 a este sim&#8230; aceleramos um pouco mais sua bestializa\u00e7\u00e3o e sua elimina\u00e7\u00e3o gradual, mas certeira, da conviv\u00eancia com aqueles que denominamos irracionais, mas que, no andar da carruagem, sobreviver\u00e3o \u00e0 racionalidade que nos distinguia neste bel\u00edssimo bal\u00e3o azul.<\/p>\n<p style=\"text-align: justify;\"> Eis que louvo o bal\u00e3o, n\u00e3o a baleia. Esse em que o Criador nos colocou e nos deu carona nessa viagem maravilhosa que denominamos \u201cvida\u201d. N\u00e3o matem as baleias, gritei quando crian\u00e7a. E tamb\u00e9m cantei, com Guilherme Arantes, o verso de uma gera\u00e7\u00e3o capaz de louvar e agradecer pelo privil\u00e9gio de existir, viajar neste mundo. \u201cPegar carona nessa cauda de cometa, ver a Via-L\u00e1ctea, estrada t\u00e3o bonita&#8230; Brincar de esconde-esconde numa nebulosa, voltar para casa, nosso lindo bal\u00e3o azul\u201d. Sonhar sempre foi privil\u00e9gio infantil, em especial ao contemplar a vastid\u00e3o do universo, dos mist\u00e9rios, dos encantos e sedu\u00e7\u00f5es que a vida diuturnamente se lhes reserva. N\u00e3o h\u00e1 porque imaginar essa nossa descoberta di\u00e1ria de outra forma, sem apegar-se a ela e a seus encantos e sedu\u00e7\u00f5es. Toda e qualquer crian\u00e7a ou adolescente potencializa em sua vida as descobertas que faz. Assim o aprendizado, a lhe revelar gradativamente os prazeres do existir, o sexo, o amor, a fam\u00edlia, a voca\u00e7\u00e3o, a realiza\u00e7\u00e3o, a aposentadoria ou mesmo a morte. Tudo a seu tempo e em sua naturalidade. Aventuramo-nos nesta estrada de descobertas constantes. Brincamos de esconde-esconde entre a vida e a morte, para um dia, no momento exato, voltarmos para casa&#8230; N\u00e3o h\u00e1 porque retroceder ou inverter esse processo.<\/p>\n<p style=\"text-align: justify;\"> Nossa baleia, todavia, navega em mares tenebrosos. A ambi\u00e7\u00e3o humana a faz prisioneira de um futuro incerto. Seu grito de socorro ecoa nos t\u00edmpanos mais sens\u00edveis ao desleixo em que enfiamos nosso \u201cbal\u00e3o azul\u201d, este planetinha sem igual onde o existir e o coexistir s\u00e3o privil\u00e9gios dum mist\u00e9rio que ainda n\u00e3o desvendamos em sua plenitude: a vida. Salvar a baleia, mais que um jogo de vida ou morte, tornou-se um grito un\u00edssono de amor \u00e0 vida. Nesse jogo est\u00e1 o futuro das gera\u00e7\u00f5es humanas, sua dignidade, sua sanidade moral, psicol\u00f3gica, racional. Quem um dia se viu capaz de aliciar semelhantes e jog\u00e1-los num tabuleiro como pe\u00e7as de um jogo ir\u00f4nico, haver\u00e1 de se descobrir um eterno perdedor, quando deparar-se com a pr\u00f3pria morte. A estes est\u00e1 reservada a pior delas. Mas \u00e0queles que hoje se escandalizam com a perversidade desses \u201canimais\u201d, resta o consolo do di\u00e1logo, da indigna\u00e7\u00e3o, da rejei\u00e7\u00e3o que o mundo faz a esse tipo de jogatina. Nosso jogo \u00e9 mais prazeroso. Um jogo a favor da vida, n\u00e3o da morte. Salvem nossos filhos!<\/p>\n","protected":false},"excerpt":{"rendered":"<p>De repente, um s\u00f3 assunto domina o mundo. Seja em c\u00edrculos de amigos, de desconhecidos \u00e0 espera da condu\u00e7\u00e3o, de romeiros a caminho da gra\u00e7a, do cidad\u00e3o na fila burocr\u00e1tica, da rodinha em volta do prato, da cerveja, dos doces&#8230; De repente, todos comentam a uma s\u00f3 voz o encanto miraculoso do gigante cret\u00e1ceo em [&hellip;]<\/p>\n","protected":false},"author":17,"featured_media":0,"comment_status":"open","ping_status":"open","sticky":false,"template":"","format":"standard","meta":{"footnotes":""},"categories":[9],"tags":[],"class_list":["post-29587","post","type-post","status-publish","format-standard","hentry","category-artigos"],"_links":{"self":[{"href":"https:\/\/catolicanet.net\/wp-cnet\/wp-json\/wp\/v2\/posts\/29587","targetHints":{"allow":["GET"]}}],"collection":[{"href":"https:\/\/catolicanet.net\/wp-cnet\/wp-json\/wp\/v2\/posts"}],"about":[{"href":"https:\/\/catolicanet.net\/wp-cnet\/wp-json\/wp\/v2\/types\/post"}],"author":[{"embeddable":true,"href":"https:\/\/catolicanet.net\/wp-cnet\/wp-json\/wp\/v2\/users\/17"}],"replies":[{"embeddable":true,"href":"https:\/\/catolicanet.net\/wp-cnet\/wp-json\/wp\/v2\/comments?post=29587"}],"version-history":[{"count":1,"href":"https:\/\/catolicanet.net\/wp-cnet\/wp-json\/wp\/v2\/posts\/29587\/revisions"}],"predecessor-version":[{"id":30957,"href":"https:\/\/catolicanet.net\/wp-cnet\/wp-json\/wp\/v2\/posts\/29587\/revisions\/30957"}],"wp:attachment":[{"href":"https:\/\/catolicanet.net\/wp-cnet\/wp-json\/wp\/v2\/media?parent=29587"}],"wp:term":[{"taxonomy":"category","embeddable":true,"href":"https:\/\/catolicanet.net\/wp-cnet\/wp-json\/wp\/v2\/categories?post=29587"},{"taxonomy":"post_tag","embeddable":true,"href":"https:\/\/catolicanet.net\/wp-cnet\/wp-json\/wp\/v2\/tags?post=29587"}],"curies":[{"name":"wp","href":"https:\/\/api.w.org\/{rel}","templated":true}]}}