{"id":2958,"date":"2013-09-04T17:09:55","date_gmt":"2013-09-04T20:09:55","guid":{"rendered":"http:\/\/catolicanet.net\/wp-cnet\/mensagem-do-prefeito-da-congregacao-para-os-institutos-de-vida-consagrada-por-ocasiao-do-dia-de-oracao-e-jejum\/"},"modified":"2017-03-22T16:02:16","modified_gmt":"2017-03-22T19:02:16","slug":"mensagem-do-prefeito-da-congregacao-para-os-institutos-de-vida-consagrada-por-ocasiao-do-dia-de-oracao-e-jejum","status":"publish","type":"post","link":"https:\/\/catolicanet.net\/wp-cnet\/mensagem-do-prefeito-da-congregacao-para-os-institutos-de-vida-consagrada-por-ocasiao-do-dia-de-oracao-e-jejum\/","title":{"rendered":"Mensagem do Prefeito da Congrega\u00e7\u00e3o para os Institutos de Vida Consagrada por ocasi\u00e3o do Dia de Ora\u00e7\u00e3o e jejum"},"content":{"rendered":"<p style=\"text-align: justify;\"><img decoding=\"async\" src=\"http:\/\/catolicanet.com.br\/images\/stories\/papafrancisconajanelaempe.jpg\" border=\"0\" align=\"left\" \/>O Prefeito da Congrega\u00e7\u00e3o para os Institutos de Vida Consagrada, Cardeal Jo\u00e3o Braz de Aviz e o Secret\u00e1rio do mesmo dicast\u00e9rio, Padre Jos\u00e9 Rodr\u00edguez Carballo, convidaram a todos os consagrados, por meio da Confer\u00eancia Mundial e as Confer\u00eancias Italianas dos religiosos, das Religiosas e dos Institutos Seculares, para participar da Vig\u00edlia pela paz no Dia de Ora\u00e7\u00e3o e jejum, convocado pelo Papa Francisco, no pr\u00f3ximo s\u00e1bado, 7 de setembro.<\/p>\n<p>Diz a mensagem:<\/p>\n<p>\u0093A todos os consagrados!<\/p>\n<p>Estamos certos que cada homem e cadaa mulher que responderam totalmente ao Amor de Deus sintam incisos no seu cora\u00e7\u00e3o a dor e o sofrimento pelos riscos iminentes de guerra ao qual o Papa Francisco deu voz no \u00faltimo domingo na ora\u00e7\u00e3o do Angelus. Repetimos ent\u00e3o com o Pont\u00edfice o grito: \u0093N\u00e3o mais \u00e0 guerra!\u0094 Queremos gritar isto antes de tudo com a nossa vida, pedindo a Deus para sermos instrumentos de justi\u00e7a e de paz no local onde fomos colocados. Mas sentimos tamb\u00e9m a urg\u00eancia de rezar ao Senhor pela paz, para que na S\u00edria e em todas as situa\u00e7\u00f5es de conflito prevale\u00e7a \u0093a cultura do encontro, a cultura do di\u00e1logo\u0094.<\/p>\n<p>Sentimo-nos assim interpelados de modo especial pelo convite que o Papa dirigiu, para viver um dia de ora\u00e7\u00e3o e jejum no pr\u00f3ximo 7 de setembro, n\u00e3o somente participando aos atos lit\u00fargicos organizados nas igrejas particulares, mas tamb\u00e9m organizando-os em cada comunidade de religiosos e de vida consagrada. Solicitamos, al\u00e9m disto, a todos os consagrados que est\u00e3o em Roma a dirigirem-se \u00e0 Pra\u00e7a S\u00e3o Pedro, das 19 \u00e0s 24 horas, para rezar pela paz, momento forte e comunit\u00e1rio desejado por Francisco para que, como ele mesmo disse, \u0093a humanidade tem necessidade de ver gestos de paz e de sentir palavras de esperan\u00e7a e de paz\u0094<\/p>\n<p>Vaticano, 3 de setembro de 2013.<br \/><strong><br \/>Fonte: R\u00e1dio Vaticano<br \/>Local:<\/strong> Cidade do Vaticano<\/p>\n","protected":false},"excerpt":{"rendered":"<p>O Prefeito da Congrega\u00e7\u00e3o para os Institutos de Vida Consagrada, Cardeal Jo\u00e3o Braz de Aviz e o Secret\u00e1rio do mesmo dicast\u00e9rio, Padre Jos\u00e9 Rodr\u00edguez Carballo, convidaram a todos os consagrados, por meio da Confer\u00eancia Mundial e as Confer\u00eancias Italianas dos religiosos, das Religiosas e dos Institutos Seculares, para participar da Vig\u00edlia pela paz no Dia [&hellip;]<\/p>\n","protected":false},"author":1,"featured_media":0,"comment_status":"closed","ping_status":"closed","sticky":false,"template":"","format":"standard","meta":{"footnotes":""},"categories":[3],"tags":[],"class_list":["post-2958","post","type-post","status-publish","format-standard","hentry","category-vaticano"],"_links":{"self":[{"href":"https:\/\/catolicanet.net\/wp-cnet\/wp-json\/wp\/v2\/posts\/2958","targetHints":{"allow":["GET"]}}],"collection":[{"href":"https:\/\/catolicanet.net\/wp-cnet\/wp-json\/wp\/v2\/posts"}],"about":[{"href":"https:\/\/catolicanet.net\/wp-cnet\/wp-json\/wp\/v2\/types\/post"}],"author":[{"embeddable":true,"href":"https:\/\/catolicanet.net\/wp-cnet\/wp-json\/wp\/v2\/users\/1"}],"replies":[{"embeddable":true,"href":"https:\/\/catolicanet.net\/wp-cnet\/wp-json\/wp\/v2\/comments?post=2958"}],"version-history":[{"count":1,"href":"https:\/\/catolicanet.net\/wp-cnet\/wp-json\/wp\/v2\/posts\/2958\/revisions"}],"predecessor-version":[{"id":7396,"href":"https:\/\/catolicanet.net\/wp-cnet\/wp-json\/wp\/v2\/posts\/2958\/revisions\/7396"}],"wp:attachment":[{"href":"https:\/\/catolicanet.net\/wp-cnet\/wp-json\/wp\/v2\/media?parent=2958"}],"wp:term":[{"taxonomy":"category","embeddable":true,"href":"https:\/\/catolicanet.net\/wp-cnet\/wp-json\/wp\/v2\/categories?post=2958"},{"taxonomy":"post_tag","embeddable":true,"href":"https:\/\/catolicanet.net\/wp-cnet\/wp-json\/wp\/v2\/tags?post=2958"}],"curies":[{"name":"wp","href":"https:\/\/api.w.org\/{rel}","templated":true}]}}