{"id":2957,"date":"2013-09-04T16:57:16","date_gmt":"2013-09-04T19:57:16","guid":{"rendered":"http:\/\/catolicanet.net\/wp-cnet\/urna-de-dom-bosco-no-libano-peregrino-de-paz-e-de-esperanca\/"},"modified":"2017-03-22T16:02:49","modified_gmt":"2017-03-22T19:02:49","slug":"urna-de-dom-bosco-no-libano-peregrino-de-paz-e-de-esperanca","status":"publish","type":"post","link":"https:\/\/catolicanet.net\/wp-cnet\/urna-de-dom-bosco-no-libano-peregrino-de-paz-e-de-esperanca\/","title":{"rendered":"Urna de Dom Bosco no L\u00edbano: peregrino de paz e de esperan\u00e7a"},"content":{"rendered":"<p style=\"text-align: justify;\"><img decoding=\"async\" src=\"http:\/\/catolicanet.com.br\/images\/stories\/urnadombosco.jpg\" border=\"0\" align=\"left\" \/>Com os milhares de refugiados que fogem da viol\u00eancia na S\u00edria, chegou nesses dias ao L\u00edbano um peregrino de paz e de esperan\u00e7a: Dom Bosco. A Urna contendo uma sua rel\u00edquia insigne, depois de visitar dezenas de na\u00e7\u00f5es em todos os cinco continentes, ingressou s\u00e1bado passado no pa\u00eds dos cedros.<\/p>\n<p>A presen\u00e7a da urna ser\u00e1 celebrada com mult\u00edplices manifesta\u00e7\u00f5es, sobretudo pela fam\u00edlia salesiana, mas tamb\u00e9m pelos Bispos locais. \u0093Ser\u00e1 um momento importante n\u00e3o s\u00f3 para n\u00f3s, salesianos, mas para todos os crist\u00e3os\u0094 \u0096 disse o Diretor da comunidade salesiana do L\u00edbano, Pe. Karmi Samaan.<\/p>\n<p>A urna passar\u00e1 pela Casa de El Houssoun e pelas cidades de Ehden e Kahal\u00e9. Em 7 de setembro, estar\u00e1 no Santu\u00e1rio mariano nacional de Harissa, onde o Patriarca maronita, Cardeal Bechara Rai, presidir\u00e1 uma solene concelebra\u00e7\u00e3o.<\/p>\n<p>No dia 8 de setembro, chegar\u00e1 a Fidar. E, no dia seguinte, ser\u00e1 venerada no santu\u00e1rio de S\u00e3o Charbel, um dos santos mais populares do pa\u00eds.<\/p>\n<p><strong>Fonte: R\u00e1dio Vaticano<br \/>Local: <\/strong>Beirute<\/p>\n","protected":false},"excerpt":{"rendered":"<p>Com os milhares de refugiados que fogem da viol\u00eancia na S\u00edria, chegou nesses dias ao L\u00edbano um peregrino de paz e de esperan\u00e7a: Dom Bosco. A Urna contendo uma sua rel\u00edquia insigne, depois de visitar dezenas de na\u00e7\u00f5es em todos os cinco continentes, ingressou s\u00e1bado passado no pa\u00eds dos cedros. A presen\u00e7a da urna ser\u00e1 [&hellip;]<\/p>\n","protected":false},"author":1,"featured_media":0,"comment_status":"closed","ping_status":"closed","sticky":false,"template":"","format":"standard","meta":{"footnotes":""},"categories":[3],"tags":[],"class_list":["post-2957","post","type-post","status-publish","format-standard","hentry","category-vaticano"],"_links":{"self":[{"href":"https:\/\/catolicanet.net\/wp-cnet\/wp-json\/wp\/v2\/posts\/2957","targetHints":{"allow":["GET"]}}],"collection":[{"href":"https:\/\/catolicanet.net\/wp-cnet\/wp-json\/wp\/v2\/posts"}],"about":[{"href":"https:\/\/catolicanet.net\/wp-cnet\/wp-json\/wp\/v2\/types\/post"}],"author":[{"embeddable":true,"href":"https:\/\/catolicanet.net\/wp-cnet\/wp-json\/wp\/v2\/users\/1"}],"replies":[{"embeddable":true,"href":"https:\/\/catolicanet.net\/wp-cnet\/wp-json\/wp\/v2\/comments?post=2957"}],"version-history":[{"count":1,"href":"https:\/\/catolicanet.net\/wp-cnet\/wp-json\/wp\/v2\/posts\/2957\/revisions"}],"predecessor-version":[{"id":7397,"href":"https:\/\/catolicanet.net\/wp-cnet\/wp-json\/wp\/v2\/posts\/2957\/revisions\/7397"}],"wp:attachment":[{"href":"https:\/\/catolicanet.net\/wp-cnet\/wp-json\/wp\/v2\/media?parent=2957"}],"wp:term":[{"taxonomy":"category","embeddable":true,"href":"https:\/\/catolicanet.net\/wp-cnet\/wp-json\/wp\/v2\/categories?post=2957"},{"taxonomy":"post_tag","embeddable":true,"href":"https:\/\/catolicanet.net\/wp-cnet\/wp-json\/wp\/v2\/tags?post=2957"}],"curies":[{"name":"wp","href":"https:\/\/api.w.org\/{rel}","templated":true}]}}