{"id":2956,"date":"2013-09-04T16:54:32","date_gmt":"2013-09-04T19:54:32","guid":{"rendered":"http:\/\/catolicanet.net\/wp-cnet\/cnbb-e-sociedade-civil-unem-se-em-prol-do-fortalecimento-da-democracia\/"},"modified":"2017-03-22T16:03:14","modified_gmt":"2017-03-22T19:03:14","slug":"cnbb-e-sociedade-civil-unem-se-em-prol-do-fortalecimento-da-democracia","status":"publish","type":"post","link":"https:\/\/catolicanet.net\/wp-cnet\/cnbb-e-sociedade-civil-unem-se-em-prol-do-fortalecimento-da-democracia\/","title":{"rendered":"CNBB e sociedade civil unem-se em prol do fortalecimento da democracia"},"content":{"rendered":"<p style=\"text-align: justify;\"><img decoding=\"async\" src=\"http:\/\/catolicanet.com.br\/images\/stories\/pec300.jpg\" border=\"0\" align=\"left\" \/>Uma campanha c\u00edvica, unificada e solid\u00e1ria. Assim se define a Coaliz\u00e3o Democr\u00e1tica pela Reforma Pol\u00edtica e Elei\u00e7\u00f5es Limpas lan\u00e7ada na tarde de ter\u00e7a-feira, 03, na sede da Confer\u00eancia Nacional dos Bispos do Brasil (CNBB) em Bras\u00edlia (DF). Na presen\u00e7a de representantes de mais de 100 entidades da sociedade civil, foi apresentada a proposta de projeto de lei de iniciativa popular em prol do fortalecimento dos mecanismos de democracia direta.<\/p>\n<p>\u0093A CNBB acolhe com satisfa\u00e7\u00e3o os parceiros de sempre\u0094, disse na abertura do evento o presidente da entidade, Cardeal Raymundo Damasceno Assis. Ele destacou a presen\u00e7a dos participantes do semin\u00e1rio nacional da 5\u00aa Semana Social Brasileira. \u0093A uni\u00e3o de todos os membros \u00e9 essencial para enfrentar a luta e venc\u00ea-la. Estamos aqui para continuar fortalecendo esta nossa miss\u00e3o comum que, com as b\u00ean\u00e7\u00e3os de Deus, haver\u00e1 de produzir bons frutos\u0094.<\/p>\n<p>No ato p\u00fablico, foram apresentados os principais pontos da proposta: 1) afastar a influ\u00eancia do poder econ\u00f4mico das elei\u00e7\u00f5es, proibindo a doa\u00e7\u00e3o de empresas; (2) necessidade de reformular o sistema pol\u00edtico, incluindo a quest\u00e3o de g\u00eanero e estimular a participa\u00e7\u00e3o dos grupos sub-representados; (3) regulamenta\u00e7\u00e3o do artigo 14 da Constitui\u00e7\u00e3o em favor da democracia direta; (4) melhorar o sistema pol\u00edtico partid\u00e1rio, aumentando a participa\u00e7\u00e3o de militantes e filiados em torno de um programa pol\u00edtico; (5) fidelidade partid\u00e1ria program\u00e1tica.<\/p>\n<p>Os representantes dos diferentes organismos destacaram no evento a urg\u00eancia para que a Reforma Pol\u00edtica possa entrar na pauta do Congresso Nacional ainda este m\u00eas e valer j\u00e1 para as elei\u00e7\u00f5es de 2014. \u0093Ser\u00e1 preciso articular todas as entidades para envolver a sociedade nesse debate. A nossa luta nesse momento \u00e9 a busca por mais de 1,5 milh\u00e3o de assinaturas nesse projeto\u0094, explicou Dom Joaquim Giovani Mol, que preside a Comiss\u00e3o da CNBB para a Reforma Pol\u00edtica.<\/p>\n<p>\u0093Precisamos explicar para a popula\u00e7\u00e3o os pontos de nossa proposta, j\u00e1 que h\u00e1 uma indigna\u00e7\u00e3o com a forma como vivemos a pol\u00edtica em nosso pa\u00eds\u0094, completou Dom Joaquim. Ele destacou a for\u00e7a das entidades presentes, como a Ordem dos Advogados do Brasil (OAB), Uni\u00e3o Nacional dos Estudantes (UNE) e as diferentes igrejas crist\u00e3s em torno desse objetivo. \u0093Este m\u00eas ser\u00e1 de grande trabalho para todas essa entidades\u0094.<\/p>\n<p><strong>Fonte: R\u00e1dio Vaticano<br \/>Local:<\/strong> Bras\u00edlia (DF)<\/p>\n","protected":false},"excerpt":{"rendered":"<p>Uma campanha c\u00edvica, unificada e solid\u00e1ria. Assim se define a Coaliz\u00e3o Democr\u00e1tica pela Reforma Pol\u00edtica e Elei\u00e7\u00f5es Limpas lan\u00e7ada na tarde de ter\u00e7a-feira, 03, na sede da Confer\u00eancia Nacional dos Bispos do Brasil (CNBB) em Bras\u00edlia (DF). Na presen\u00e7a de representantes de mais de 100 entidades da sociedade civil, foi apresentada a proposta de projeto [&hellip;]<\/p>\n","protected":false},"author":1,"featured_media":0,"comment_status":"closed","ping_status":"closed","sticky":false,"template":"","format":"standard","meta":{"footnotes":""},"categories":[3],"tags":[],"class_list":["post-2956","post","type-post","status-publish","format-standard","hentry","category-vaticano"],"_links":{"self":[{"href":"https:\/\/catolicanet.net\/wp-cnet\/wp-json\/wp\/v2\/posts\/2956","targetHints":{"allow":["GET"]}}],"collection":[{"href":"https:\/\/catolicanet.net\/wp-cnet\/wp-json\/wp\/v2\/posts"}],"about":[{"href":"https:\/\/catolicanet.net\/wp-cnet\/wp-json\/wp\/v2\/types\/post"}],"author":[{"embeddable":true,"href":"https:\/\/catolicanet.net\/wp-cnet\/wp-json\/wp\/v2\/users\/1"}],"replies":[{"embeddable":true,"href":"https:\/\/catolicanet.net\/wp-cnet\/wp-json\/wp\/v2\/comments?post=2956"}],"version-history":[{"count":1,"href":"https:\/\/catolicanet.net\/wp-cnet\/wp-json\/wp\/v2\/posts\/2956\/revisions"}],"predecessor-version":[{"id":7398,"href":"https:\/\/catolicanet.net\/wp-cnet\/wp-json\/wp\/v2\/posts\/2956\/revisions\/7398"}],"wp:attachment":[{"href":"https:\/\/catolicanet.net\/wp-cnet\/wp-json\/wp\/v2\/media?parent=2956"}],"wp:term":[{"taxonomy":"category","embeddable":true,"href":"https:\/\/catolicanet.net\/wp-cnet\/wp-json\/wp\/v2\/categories?post=2956"},{"taxonomy":"post_tag","embeddable":true,"href":"https:\/\/catolicanet.net\/wp-cnet\/wp-json\/wp\/v2\/tags?post=2956"}],"curies":[{"name":"wp","href":"https:\/\/api.w.org\/{rel}","templated":true}]}}