{"id":29556,"date":"2017-04-19T17:58:53","date_gmt":"2017-04-19T20:58:53","guid":{"rendered":"http:\/\/catolicanet.net\/wp-cnet\/2017\/04\/19\/cristaos-e-muculmanos-marcham-juntos-na-semana-santa-pela-paz-no-iraque\/"},"modified":"2017-06-09T09:50:00","modified_gmt":"2017-06-09T12:50:00","slug":"cristaos-e-muculmanos-marcham-juntos-na-semana-santa-pela-paz-no-iraque","status":"publish","type":"post","link":"https:\/\/catolicanet.net\/wp-cnet\/cristaos-e-muculmanos-marcham-juntos-na-semana-santa-pela-paz-no-iraque\/","title":{"rendered":"Crist\u00e3os e mu\u00e7ulmanos marcham juntos na Semana Santa pela paz no Iraque"},"content":{"rendered":"<p style=\"text-align: justify;\"><img decoding=\"async\" src=\"http:\/\/www.catolicanet.com.br\/images\/stories\/noticias2017\/irakpersonas_.jpg\" border=\"0\" align=\"left\" \/>Roma, 19 Abr. 17 \/ 12:30 pm (ACI).- Crist\u00e3os e mu\u00e7ulmanos realizaram juntos uma marcha de 140 quil\u00f4metros no norte do Iraque para pedir a paz. No s\u00e1bado antes do Domingo de Ramos, os fi\u00e9is, junto com o patriarca caldeu Rafael Sako, come\u00e7aram a percorrer o caminho de Erbil a Alqosh.<\/p>\n<p>Foram do Curdist\u00e3o \u00e0 plan\u00edcie do N\u00ednive, perto da regi\u00e3o de Mosul, onde ainda ocorrem fortes combates entre o Estado Isl\u00e2mico e a coaliz\u00e3o internacional liderada pelos Estados Unidos.<\/p>\n<p>Atualmente a plan\u00edcie do N\u00ednive \u00e9 uma das regi\u00f5es em que os jihadistas foram completamente expulsos. Apesar disso, os crist\u00e3os ainda resistem a voltar por causa do medo e porque suas casas e pertences desapareceram devido \u00e0 a\u00e7\u00e3o terroristas.<\/p>\n<p>Com esta peregrina\u00e7\u00e3o come\u00e7ou a \u201cSemana da Paz\u201d, como foi denominada pelo pr\u00f3prio Patriarca Sako. E a Igreja caldeia proclamou 2017 como o \u201cano da paz\u201d, um desejo que foi proposto com for\u00e7a durante a Semana Santa.<\/p>\n<p>\u201cTemos que conseguir a paz. N\u00f3s, l\u00edderes religiosos e pol\u00edticos, somos chamados a tomar decis\u00f5es respons\u00e1veis\u201d?, disse o Patriarca.<\/p>\n<p>Participaram da marcha aproximadamente uma centena de fi\u00e9is e o percurso entre Erbil e a plan\u00edcie de N\u00ednive durou toda a Semana Santa.<\/p>\n<p>Foi uma marcha aberta a todos, uma grande ocasi\u00e3o para mostrar a unidade das comunidades crist\u00e3s do Iraque. Mas tamb\u00e9m para colocar a aten\u00e7\u00e3o novamente no lugar onde o cristianismo nasceu.<\/p>\n<p>Tamb\u00e9m foi organizada uma Via Sacra entre a cidade de Tesqopa e Bagovh, uma prociss\u00e3o que durou aproximadamente duas horas. A primeira \u00e9 uma cidade \u201cfantasma\u201d desde 2011, quando os ataques do autodenominado Estado isl\u00e2mico obrigaram todos os crist\u00e3os a fugir.<\/p>\n<p>Com projetos como este, a Igreja caldeia buscou dar \u00eanfase especial \u00e0 Reconcilia\u00e7\u00e3o na Semana Santa. No dia 3 de abril, uma delega\u00e7\u00e3o liderada pelo Patriarca Sako visitou os campos de refugiados de Hamman al Halil e Assan Cham, que est\u00e3o longe de Mosul, levando ajuda humanit\u00e1ria para 4 mil mu\u00e7ulmanos.<\/p>\n<p>Diversas igrejas crist\u00e3s no Iraque est\u00e3o trabalhando para construir uma comiss\u00e3o para a reconstru\u00e7\u00e3o de N\u00ednive. Quatrocentas fam\u00edlias j\u00e1 voltaram a Teleskof e Bakofah, mas ainda h\u00e1 muitas casas danificadas, embora 1200 tenham sido totalmente reconstru\u00eddas.<\/p>\n<p>Em janeiro deste ano, o porta-voz do Minist\u00e9rio das Rela\u00e7\u00f5es Religiosas da regi\u00e3o aut\u00f4noma do Curdist\u00e3o, Mariwan Naqshbandi, indicou que durante os dois anos em que o Estado Isl\u00e2mico (ISIS) dominou a plan\u00edcie do N\u00ednive e Mosul foram destru\u00eddos pelo menos 100 locais de culto. A maioria destes eram igrejas crist\u00e3s.<\/p>\n<p style=\"text-align: justify;\">\u00a0<\/p>\n<p style=\"text-align: justify;\">Fonte: Acidigital<\/p>\n","protected":false},"excerpt":{"rendered":"<p>Roma, 19 Abr. 17 \/ 12:30 pm (ACI).- Crist\u00e3os e mu\u00e7ulmanos realizaram juntos uma marcha de 140 quil\u00f4metros no norte do Iraque para pedir a paz. No s\u00e1bado antes do Domingo de Ramos, os fi\u00e9is, junto com o patriarca caldeu Rafael Sako, come\u00e7aram a percorrer o caminho de Erbil a Alqosh. Foram do Curdist\u00e3o \u00e0 [&hellip;]<\/p>\n","protected":false},"author":1,"featured_media":29555,"comment_status":"open","ping_status":"open","sticky":false,"template":"","format":"standard","meta":{"footnotes":""},"categories":[4],"tags":[],"class_list":["post-29556","post","type-post","status-publish","format-standard","has-post-thumbnail","hentry","category-cotidiano"],"_links":{"self":[{"href":"https:\/\/catolicanet.net\/wp-cnet\/wp-json\/wp\/v2\/posts\/29556","targetHints":{"allow":["GET"]}}],"collection":[{"href":"https:\/\/catolicanet.net\/wp-cnet\/wp-json\/wp\/v2\/posts"}],"about":[{"href":"https:\/\/catolicanet.net\/wp-cnet\/wp-json\/wp\/v2\/types\/post"}],"author":[{"embeddable":true,"href":"https:\/\/catolicanet.net\/wp-cnet\/wp-json\/wp\/v2\/users\/1"}],"replies":[{"embeddable":true,"href":"https:\/\/catolicanet.net\/wp-cnet\/wp-json\/wp\/v2\/comments?post=29556"}],"version-history":[{"count":1,"href":"https:\/\/catolicanet.net\/wp-cnet\/wp-json\/wp\/v2\/posts\/29556\/revisions"}],"predecessor-version":[{"id":30976,"href":"https:\/\/catolicanet.net\/wp-cnet\/wp-json\/wp\/v2\/posts\/29556\/revisions\/30976"}],"wp:featuredmedia":[{"embeddable":true,"href":"https:\/\/catolicanet.net\/wp-cnet\/wp-json\/wp\/v2\/media\/29555"}],"wp:attachment":[{"href":"https:\/\/catolicanet.net\/wp-cnet\/wp-json\/wp\/v2\/media?parent=29556"}],"wp:term":[{"taxonomy":"category","embeddable":true,"href":"https:\/\/catolicanet.net\/wp-cnet\/wp-json\/wp\/v2\/categories?post=29556"},{"taxonomy":"post_tag","embeddable":true,"href":"https:\/\/catolicanet.net\/wp-cnet\/wp-json\/wp\/v2\/tags?post=29556"}],"curies":[{"name":"wp","href":"https:\/\/api.w.org\/{rel}","templated":true}]}}