{"id":29545,"date":"2017-04-19T13:00:04","date_gmt":"2017-04-19T16:00:04","guid":{"rendered":"http:\/\/catolicanet.net\/wp-cnet\/2017\/04\/19\/papa-francisco-nomeia-bispos-para-itacoatiara-am-e-campo-mourao-pr\/"},"modified":"2017-06-09T10:01:44","modified_gmt":"2017-06-09T13:01:44","slug":"papa-francisco-nomeia-bispos-para-itacoatiara-am-e-campo-mourao-pr","status":"publish","type":"post","link":"https:\/\/catolicanet.net\/wp-cnet\/papa-francisco-nomeia-bispos-para-itacoatiara-am-e-campo-mourao-pr\/","title":{"rendered":"Papa Francisco nomeia bispos para Itacoatiara (AM) e Campo Mour\u00e3o (PR)"},"content":{"rendered":"<p style=\"text-align: justify;\"><img decoding=\"async\" src=\"http:\/\/www.catolicanet.com.br\/images\/stories\/padres\/pe-jos-ionilton.jpg\" border=\"0\" align=\"left\" \/>Prelazia de Itacoatiara estava vacante e a diocese de Campo Mour\u00e3o contar\u00e1 com um coadjutor<\/p>\n<p>A Nunciatura Apost\u00f3lica no Brasil comunicou na manh\u00e3 desta quarta-feira, 19 de abril, a decis\u00e3o do papa Francisco em nomear para a vacante prelazia de Itacoatiara, no Amazonas, o padre Jos\u00e9 Ionilton Lisboa de Oliveira. O presb\u00edtero atualmente exerce o posto de vig\u00e1rio paroquial da Par\u00f3quia Nossa Senhora da Concei\u00e7\u00e3o, em Riach\u00e3o do Jacu\u00edpe, pertencente \u00e0 arquidiocese de Feira de Santana, na Bahia.<\/p>\n<p>Na mesma ocasi\u00e3o, o papa Francisco tamb\u00e9m acolheu a solicita\u00e7\u00e3o de dom Francisco Javier Delvalle Paredes e nomeou o padre Bruno Elizeu Versari, como bispo coadjutor da diocese de Campo Mour\u00e3o, no Paran\u00e1. Atualmente, o presb\u00edtero \u00e9 p\u00e1roco da Par\u00f3quia Santa Maria Goretti, em Maring\u00e1 (PR).<\/p>\n<p>Padre Jos\u00e9 Ionilton Lisboa<\/p>\n<p>Natural de Araci (BA), padre Jos\u00e9 Ionilton Lisboa nasceu em 09 de mar\u00e7o de 1962, na Fazenda Ch\u00e3. Formou-se em Filosofia no Instituto Nossa Senhora das Vit\u00f3rias e em Teologia na Escola Teol\u00f3gica do Mosteiro S\u00e3o Bento, de 1988 a 1991. Em 2015, fez a convalida\u00e7\u00e3o do Curso de Teologia na Universidade Cat\u00f3lica de Salvador (UCSAL).<\/p>\n<p>Sua ordena\u00e7\u00e3o presbiteral ocorreu em 1992, na par\u00f3quia Nossa Senhora da Concei\u00e7\u00e3o do Raso, em Araci (BA). Em sua trajet\u00f3ria, atuou, entre outras coisas, como membro do Conselho Presbiteral da arquidiocese de Vit\u00f3ria da Conquista, representando os religiosos em 2005 e membro da Diretoria da Confer\u00eancia dos Religiosos do Brasil \u2013 regional Bahia\/Sergipe. <\/p>\n<p><img decoding=\"async\" src=\"http:\/\/www.catolicanet.com.br\/images\/stories\/padres\/pe-bruno.jpg\" border=\"0\" align=\"right\" \/>Padre Bruno Elizeu Versari<\/p>\n<p>Nascido em 30 de maio de 1959, na cidade de Candido Mota, em S\u00e3o Paulo, padre Bruno Elizeu Versari foi ordenado sacerdote em 03 de janeiro de 1988, na Par\u00f3quia Nossa Senhora do Ros\u00e1rio, em Floresta (PR). Em sua trajet\u00f3ria atuou como ec\u00f4nomo da arquidiocese de Maring\u00e1; membro do Col\u00e9gio de Consultores e do Conselho de Presb\u00edteros, de 2000 a 2009, e vig\u00e1rio geral da arquidiocese de Maring\u00e1.<\/p>\n<p style=\"text-align: justify;\">\u00a0<\/p>\n<p style=\"text-align: justify;\">Fonte: CNBB<\/p>\n","protected":false},"excerpt":{"rendered":"<p>Prelazia de Itacoatiara estava vacante e a diocese de Campo Mour\u00e3o contar\u00e1 com um coadjutor A Nunciatura Apost\u00f3lica no Brasil comunicou na manh\u00e3 desta quarta-feira, 19 de abril, a decis\u00e3o do papa Francisco em nomear para a vacante prelazia de Itacoatiara, no Amazonas, o padre Jos\u00e9 Ionilton Lisboa de Oliveira. O presb\u00edtero atualmente exerce o [&hellip;]<\/p>\n","protected":false},"author":1,"featured_media":29544,"comment_status":"open","ping_status":"open","sticky":false,"template":"","format":"standard","meta":{"footnotes":""},"categories":[7],"tags":[],"class_list":["post-29545","post","type-post","status-publish","format-standard","has-post-thumbnail","hentry","category-cnbb"],"_links":{"self":[{"href":"https:\/\/catolicanet.net\/wp-cnet\/wp-json\/wp\/v2\/posts\/29545","targetHints":{"allow":["GET"]}}],"collection":[{"href":"https:\/\/catolicanet.net\/wp-cnet\/wp-json\/wp\/v2\/posts"}],"about":[{"href":"https:\/\/catolicanet.net\/wp-cnet\/wp-json\/wp\/v2\/types\/post"}],"author":[{"embeddable":true,"href":"https:\/\/catolicanet.net\/wp-cnet\/wp-json\/wp\/v2\/users\/1"}],"replies":[{"embeddable":true,"href":"https:\/\/catolicanet.net\/wp-cnet\/wp-json\/wp\/v2\/comments?post=29545"}],"version-history":[{"count":1,"href":"https:\/\/catolicanet.net\/wp-cnet\/wp-json\/wp\/v2\/posts\/29545\/revisions"}],"predecessor-version":[{"id":30982,"href":"https:\/\/catolicanet.net\/wp-cnet\/wp-json\/wp\/v2\/posts\/29545\/revisions\/30982"}],"wp:featuredmedia":[{"embeddable":true,"href":"https:\/\/catolicanet.net\/wp-cnet\/wp-json\/wp\/v2\/media\/29544"}],"wp:attachment":[{"href":"https:\/\/catolicanet.net\/wp-cnet\/wp-json\/wp\/v2\/media?parent=29545"}],"wp:term":[{"taxonomy":"category","embeddable":true,"href":"https:\/\/catolicanet.net\/wp-cnet\/wp-json\/wp\/v2\/categories?post=29545"},{"taxonomy":"post_tag","embeddable":true,"href":"https:\/\/catolicanet.net\/wp-cnet\/wp-json\/wp\/v2\/tags?post=29545"}],"curies":[{"name":"wp","href":"https:\/\/api.w.org\/{rel}","templated":true}]}}