{"id":29522,"date":"2017-04-18T11:47:09","date_gmt":"2017-04-18T14:47:09","guid":{"rendered":"http:\/\/catolicanet.net\/wp-cnet\/2017\/04\/18\/oitava-de-pascoa-tempo-de-celebrar-a-ressurreicao\/"},"modified":"2017-06-09T10:26:29","modified_gmt":"2017-06-09T13:26:29","slug":"oitava-de-pascoa-tempo-de-celebrar-a-ressurreicao","status":"publish","type":"post","link":"https:\/\/catolicanet.net\/wp-cnet\/oitava-de-pascoa-tempo-de-celebrar-a-ressurreicao\/","title":{"rendered":"Oitava de P\u00e1scoa: tempo de celebrar a Ressurrei\u00e7\u00e3o"},"content":{"rendered":"<p style=\"text-align: justify;\"><img decoding=\"async\" src=\"http:\/\/www.catolicanet.com.br\/images\/stories\/noticias2017\/1797474.jpg\" border=\"0\" align=\"left\" \/>A melhor maneira de vivenciar o mist\u00e9rio da p\u00e1scoa \u00e9 assumir de forma consciente e respons\u00e1vel o pr\u00f3prio batismo, diz dom Geraldo<\/p>\n<p>Durante todos os dias desta semana, at\u00e9 o pr\u00f3ximo domingo, a Igreja comemora com alegria a Ressurrei\u00e7\u00e3o de Jesus. Este \u00e9 o acontecimento mais importante da hist\u00f3ria para os crist\u00e3os, pois, Jesus, morreu, ressuscitou e continua entre n\u00f3s. O Arcebispo de Mariana (MG), dom Gerado Lyrio de Rocha, explica que P\u00e1scoa \u00e9 uma solenidade t\u00e3o grande que n\u00e3o d\u00e1 para celebrar num dia s\u00f3. Por isso a igreja na sua sabedoria de m\u00e3e e mestra prolonga por oito dias a celebra\u00e7\u00e3o da p\u00e1scoa. \u201cA p\u00e1scoa \u00e9 o centro do ano Lit\u00fargico por ser o centro da viv\u00eancia e da f\u00e9 crist\u00e3. Se Cristo n\u00e3o tivesse ressuscitado nossa f\u00e9 n\u00e3o teria sentido vai dizer o ap\u00f3stolo Paulo. Ent\u00e3o, o mist\u00e9rio da morte e ressurrei\u00e7\u00e3o de Cristo \u00e9 o que est\u00e1 no cento, \u00e9 o acontecimento fundante da nossa pr\u00f3pria f\u00e9\u201d, destaca o bispo.<\/p>\n<p>Para dom Geraldo, a melhor maneira de vivenciar o mist\u00e9rio da p\u00e1scoa \u00e9 assumir de forma consciente e respons\u00e1vel o pr\u00f3prio batismo. \u201cA oitava da pascoa tem essa carater\u00edstica batismal at\u00e9 porque na vig\u00edlia da p\u00e1scoa se celebram o batismo especialmente de adultos. Ent\u00e3o, a oitava da p\u00e1scoa tem um sabor bem batismal. A\u00ed est\u00e1 o fundamento da nossa vivencia crist\u00e3. \u00c9 assumir o nosso batismo para vive-lo intensamente como filhos de Deus, como irm\u00e3os de Jesus Cristo, como templos do Esp\u00edrito Santo, como membros do povo santo de Deus e a igreja de Cristo. Ent\u00e3o, a oitava da P\u00e1scoa deve reavivar tudo isto em n\u00f3s para vivenciarmos o que celebramos na f\u00e9 traduzindo em atos concretos em nossa vida\u201d. <\/p>\n<p>Ap\u00f3s essa Oitava de P\u00e1scoa, a Igreja continua vivendo o Tempo Pascal at\u00e9 o domingo de Pentecostes que acontece cinquenta dias ap\u00f3s a celebra\u00e7\u00e3o da ressurrei\u00e7\u00e3o de cristo. Este ano ser\u00e1 celebrado dia 4 de junho. Neste per\u00edodo, a igreja convida, por meio da liturgia, a contemplar a presen\u00e7a do ressuscitado que continua no meio dos seus. \u201cO pentecostes \u00e9 o coroamento da p\u00e1scoa, a obra realizada por Jesus. O que ele fez com sua morte e ressurrei\u00e7\u00e3o agora \u00e9 coroado com a vinda do Esp\u00edrito Santo e \u00e9 ele que faz com que o mist\u00e9rio da p\u00e1scoa que celebramos n\u00e3o seja uma coisa do passado que \u00e9 apenas recordado numa ora\u00e7\u00e3o. \u00c9 muito mais do que isso. \u00c9 o Esp\u00edrito Santo de Deus que faz com que o mist\u00e9rio pascal se torne presente e realidade em nossa vida. Em todos os gestos lit\u00fargicos, mas sobretudo na Sant\u00edssima Eucaristia. A Eucaristia \u00e9 a celebra\u00e7\u00e3o do mist\u00e9rio pascal de cristo. A Pascoa de cristo acontecendo em nova vida e a nossa inserida no mist\u00e9rio pascal de cristo quem faz tudo isso \u00e9 o Esp\u00edrito Santo que da vida a igreja e que vivifica o crist\u00e3o na sua vivencia de f\u00e9 para que mist\u00e9rio pascal seja realidade na sua exist\u00eancia\u201d, ressalta dom Geraldo.<\/p>\n<p style=\"text-align: justify;\">\u00a0<\/p>\n<p style=\"text-align: justify;\">Fonte: CNBB<\/p>\n","protected":false},"excerpt":{"rendered":"<p>A melhor maneira de vivenciar o mist\u00e9rio da p\u00e1scoa \u00e9 assumir de forma consciente e respons\u00e1vel o pr\u00f3prio batismo, diz dom Geraldo Durante todos os dias desta semana, at\u00e9 o pr\u00f3ximo domingo, a Igreja comemora com alegria a Ressurrei\u00e7\u00e3o de Jesus. Este \u00e9 o acontecimento mais importante da hist\u00f3ria para os crist\u00e3os, pois, Jesus, morreu, [&hellip;]<\/p>\n","protected":false},"author":1,"featured_media":29521,"comment_status":"open","ping_status":"open","sticky":false,"template":"","format":"standard","meta":{"footnotes":""},"categories":[7],"tags":[],"class_list":["post-29522","post","type-post","status-publish","format-standard","has-post-thumbnail","hentry","category-cnbb"],"_links":{"self":[{"href":"https:\/\/catolicanet.net\/wp-cnet\/wp-json\/wp\/v2\/posts\/29522","targetHints":{"allow":["GET"]}}],"collection":[{"href":"https:\/\/catolicanet.net\/wp-cnet\/wp-json\/wp\/v2\/posts"}],"about":[{"href":"https:\/\/catolicanet.net\/wp-cnet\/wp-json\/wp\/v2\/types\/post"}],"author":[{"embeddable":true,"href":"https:\/\/catolicanet.net\/wp-cnet\/wp-json\/wp\/v2\/users\/1"}],"replies":[{"embeddable":true,"href":"https:\/\/catolicanet.net\/wp-cnet\/wp-json\/wp\/v2\/comments?post=29522"}],"version-history":[{"count":1,"href":"https:\/\/catolicanet.net\/wp-cnet\/wp-json\/wp\/v2\/posts\/29522\/revisions"}],"predecessor-version":[{"id":30995,"href":"https:\/\/catolicanet.net\/wp-cnet\/wp-json\/wp\/v2\/posts\/29522\/revisions\/30995"}],"wp:featuredmedia":[{"embeddable":true,"href":"https:\/\/catolicanet.net\/wp-cnet\/wp-json\/wp\/v2\/media\/29521"}],"wp:attachment":[{"href":"https:\/\/catolicanet.net\/wp-cnet\/wp-json\/wp\/v2\/media?parent=29522"}],"wp:term":[{"taxonomy":"category","embeddable":true,"href":"https:\/\/catolicanet.net\/wp-cnet\/wp-json\/wp\/v2\/categories?post=29522"},{"taxonomy":"post_tag","embeddable":true,"href":"https:\/\/catolicanet.net\/wp-cnet\/wp-json\/wp\/v2\/tags?post=29522"}],"curies":[{"name":"wp","href":"https:\/\/api.w.org\/{rel}","templated":true}]}}